{"id":2100,"date":"2021-07-12T16:49:42","date_gmt":"2021-07-12T14:49:42","guid":{"rendered":"http:\/\/grengechternach.lu\/wordpress\/?p=2100"},"modified":"2021-07-12T16:59:17","modified_gmt":"2021-07-12T14:59:17","slug":"die-motion-vom-sigre","status":"publish","type":"post","link":"http:\/\/grengechternach.lu\/wordpress\/2021\/07\/die-motion-vom-sigre\/","title":{"rendered":"Die Motion vom SIGRE"},"content":{"rendered":"\n<h3>Intervention von Carole Zeimetz<\/h3>\n\n\n\n<p>All K\u00e9ieres wann ee vu Klimapolitik schw\u00e4tzt sinn all Bierger, Experten an och Politiker d\u2019Accord a fuerderen dass mer mussen \u00ebmdenken! Op pers\u00e9inlechem, lokalem, nationalen an internationalem Niveau! Mir hunn gesinn an engem Workshop deen hei zu Iechternach war iwwert Thema null Offall dass dest Thema dem Bierger wichteg ass. Ben do waars du och do!<\/p>\n\n\n\n<div class=\"wp-block-image\"><figure class=\"alignright size-large\"><img decoding=\"async\" loading=\"lazy\" width=\"195\" height=\"240\" src=\"http:\/\/grengechternach.lu\/wordpress\/wp-content\/uploads\/2020\/12\/195px-PDF_file_icon.svg_.png\" alt=\"\" class=\"wp-image-1993\"\/><\/figure><\/div>\n\n\n\n<p>Hei huet de SIGRE dee jo den Offall Syndikat vum Osten ass. (Wichteg op d\u00ebser Plaz ze soe well et ginn d\u00e4r Syndikater jo m\u00e9i am Land, an et huet keen aneren Offallsyndikat Bedenken!), eng Motioun gemaach, well en g\u00e4ren h\u00e4tt, dass L\u00ebtzebuerg eent zu eent d\u2019Offall-Direktive \u00ebmsetzt. An der Offall-Direktive do steet dass allerh\u00e9ckstens 10% vum Hausoffall depon\u00e9iert ginn. Sie sinn also net d\u2019Accord dass mir zu L\u00ebtzebuerg eis m\u00e9i en ambiti\u00e9ist Ziel gesat hunn. An zwar dass mer eis elo 10 Joer gi fir alles ze maachen, dass ab 2030 keen Hausmu\u0308ll m\u00e9i op Deponi\u00eb kennt.<\/p>\n\n\n\n<p>2019 ass eng Motioun an der Chamber vun allen Parteien \u00ebnnerschreiwe ginn, dass L\u00ebtzebuerg soll Pion\u00e9ier ginn an der Nulloffallpolitik, de Virreider soll sinn an och m\u00e9i w\u00e4it soll goe w\u00e9i d\u2019Direktive. Ech constat\u00e9ieren dann awer haut hei bei eis am Gemengerot dass d\u2019CSV an och d\u2019LSAP net d\u00e9i selwecht h\u00e9ich Ambitiounen hunn!<\/p>\n\n\n\n<p>Leschten Summer huet d\u2019Regierung dunn de Package vun 5 Offallgesetzer present\u00e9iert an hei m\u00ebscht de SIGRE lo eng Motioun g\u00e9int een Element aus deem Offallgesetz!<\/p>\n\n\n\n<p>Resum\u00e9iert seet de SIGRE : Mir \u00e4nneren eise Modell net well mir hunn nach e Lach bis 2090 wat mer kenne f\u00ebllen! Dass den \u00cbmweltminist\u00e8re g\u00e9if g\u00e9int hire Businessplang goen. Wat fir en Business? De SIGRE ass en Gemengesyndicat!<\/p>\n\n\n\n<p>Wou ass do d\u2019\u00cbmdenken. Dat sinn Argumenter w\u00e9i an der Petrols-Lobby, wann gesot g\u00ebtt, mir hunn jo nach P\u00ebtrol bis d\u2019Joer souvill a mir hunn grad eng n\u00e9i Buerinsel gebaut, an dofir brauche mer eis am Moment keng Gedanken ze maachen fir aus der Fossilenergie erauszekommen! Ass dat de Message dee mer w\u00eblle ginn, mir lo hei an eiser Gemengen-Responsabilit\u00e9it? Du Ben als Klimasch\u00e4ffen? D\u2019Gemengen hunn awer eng Responsabilit\u00e9it am Offall virbildlech ze schaffen!<\/p>\n\n\n\n<h4>Steng-Z\u00e4it ass net zu Enn gaange well et keng Steng m\u00e9i gi sinn! Mee well d\u2019Leit evolu\u00e9iert hunn!<\/h4>\n\n\n\n<p>Europarichtlinnen sinn \u00ebmmer Komprom\u00ebsser! Wien wann net d\u00e9i r\u00e4ich L\u00e4nner (d\u00e9i jo och dee meeschten Offall produz\u00e9ieren) mussen mam gudde Beispill virgoen an h\u00e9ich Ambitiounen hunn! Ech er\u00ebnneren nach eng K\u00e9ier un den Optrag un d\u2019\u00cbmweltministesch, vun de Bierger d\u00e9i bei deenen virdrun genannten Workshoppen matgemaach hunn awer och un d\u2019Motioun vun allen Parteien an der Chamber \u00ebnnerschriwwen, dass L\u00ebtzebuerg genau dat soll sinn, en Virreider!<\/p>\n\n\n\n<p>Et kann een net d\u00e9i 2 hunn; Meenung dass mer mussen \u00ebmdenken, mee et d\u00e4erf awer n\u00e4ischt kaschten! An dofir, well mir fannen dass mir mussen eis Responsabilit\u00e9it eescht huelen, an well Business as usual muss der<br>Vergaangenheet ugeh\u00e9ieren, fuerdere mir iech op, konkret no L\u00e9isungen ze sichen, an net eise weidere Generatiounen eisen Dreck ze hannerloossen.<\/p>\n\n\n\n<h2>Mir stemmen g\u00e9int des Motioun vum SIGRE.<\/h2>\n\n\n\n<hr class=\"wp-block-separator\"\/>\n\n\n\n<h3>Communiqu\u00e9 von D\u00e9i Gr\u00e9ng Echternach<\/h3>\n\n\n\n<p>D\u00e9i Gr\u00e9ng Eechternach stehen fu\u0308r mehr Ambition im Abfallbereich. Deshalb stimmen d\u00e9i Gr\u00e9ng gegen die Motion vom Sigre.<\/p>\n\n\n\n<div class=\"wp-block-image\"><figure class=\"alignright size-large\"><a href=\"http:\/\/grengechternach.lu\/wordpress\/wp-content\/uploads\/2021\/07\/Motion-SIGRE.pdf\"><img decoding=\"async\" loading=\"lazy\" width=\"195\" height=\"240\" src=\"http:\/\/grengechternach.lu\/wordpress\/wp-content\/uploads\/2020\/12\/195px-PDF_file_icon.svg_.png\" alt=\"\" class=\"wp-image-1993\"\/><\/a><\/figure><\/div>\n\n\n\n<p>Ein Umdenken in der Frage der Restmu\u0308lldeponierung ist n\u00f6tig und damit verbunden auch ein Umplanen der bestehenden Einrichtungen. Wir k\u00f6nnen es uns angesichts der Dringlichkeit der weltweiten Umweltprobleme nicht mehr erlauben, bis 2090 beim Status-Quo zu bleiben, auch wenn eine Deponie das hergibt.<\/p>\n\n\n\n<p>Hier wird falsch herum gedacht : Ein Business ass usual, ein konservativer Businessplan so wie er vorliegt und wo Geldinteressen im Fordergrund stehen darf es nicht geben.<\/p>\n\n\n\n<p>Nein, statt dessen mu\u0308ssen wir Verantwortung fu\u0308r ku\u0308nftige Generationen u\u0308bernehmen. Die Gr\u00e9ng Echternach stehen klar zur Nullabfallstrategie.<\/p>\n\n\n\n<p>Abfallverringerung geht nur, wenn man auch mit aller Kraft darauf hinarbeitet, dass Abfall vermieden wird. Es mu\u0308ssen auch auf kommunaler Ebene neue Konzepte her um die Vermeidung von Restmu\u0308ll zu f\u00f6rdern. Dazu braucht es den politischen Gestaltungswillen, Mut und Kreativit\u00e4t . Statt sch\u00e4rfere Gesetze zu kritisieren sollte die Energie darauf verwendet werden L\u00f6sungen zu finden, Mehrheiten fu\u0308r entsprechende Ma\u00dfnahmen in den Gemeinden zu suchen.<\/p>\n\n\n\n<p>Europarichtlinien sind immer Kompromissrichtlinien. Wer, wenn nicht die reichen L\u00e4nder (die nebenbei bemerkt auch die gr\u00f6\u00dften Verursacher sind) sollten hier mit gutem Beispiel vorangehen? Dies ist auch in einer Motion des Parlamentes zum Ausdruck gebracht worden, als ausdru\u0308cklich die Vorreiterrolle Luxemburgs gefordert wurde. Es sollte in einem u\u0308berschaubaren reichen Land wie unserem m\u00f6glich sein, mehr als nur das Minimum zu leisten. Des Weiteren liegt Luxemburg bei der Deponierung heute bereits weit unter den 10 Prozent.<\/p>\n\n\n\n<p>Wir haben keine Zeit fu\u0308r z\u00f6gerliches Handeln. Die junge Generation erwartet zu Recht, dass wir sowohl bei der Abfallthematik wie auch im Klimabereich entschieden handeln. Welches Signal geben wir den jungen Menschen, die dann sp\u00e4ter mit unseren Hinterlassenschaften (im Fall der Deponie im wahrsten Sinn des Wortes) fertig werden mu\u0308ssen? Bei der L\u00f6sung gro\u00dfer Probleme ist es prinzipiell besser mit den Mutigen vorneweg zu schreiten statt in letzter Minute hinterherzulaufen.<\/p>\n\n\n\n<p>Aus den dargelegten Gru\u0308nden k\u00f6nnen wir es nicht vertreten diese Motion mitzustimmen, diese Motion, die eindeutig ein Schritt in die falsche Richtung bedeutet, lehnen wir ab.<\/p>\n\n\n\n<h4>Statt dessen fordern wir unseren Vertreter im SIGRE auf, tatkr\u00e4ftig an einer zukunftsgerechten L\u00f6sung mitzuarbeiten.<\/h4>\n","protected":false},"excerpt":{"rendered":"<p>Intervention von Carole Zeimetz All K\u00e9ieres wann ee vu Klimapolitik schw\u00e4tzt sinn all Bierger, Experten an och Politiker d\u2019Accord a fuerderen dass mer mussen \u00ebmdenken! Op pers\u00e9inlechem, lokalem, nationalen an internationalem Niveau! Mir hunn gesinn an engem Workshop deen hei zu Iechternach war iwwert Thema null Offall dass dest Thema dem Bierger wichteg ass. Ben [&hellip;]<\/p>\n","protected":false},"author":5,"featured_media":2106,"comment_status":"closed","ping_status":"open","sticky":false,"template":"","format":"standard","meta":{"_et_pb_use_builder":"off","_et_pb_old_content":"","_et_gb_content_width":""},"categories":[14],"tags":[33,35,34,32],"yoast_head":"<!-- This site is optimized with the Yoast SEO plugin v19.10 - https:\/\/yoast.com\/wordpress\/plugins\/seo\/ -->\n<title>Die Motion vom SIGRE - d\u00e9i gr\u00e9ng Eechternoach<\/title>\n<meta name=\"robots\" content=\"index, follow, max-snippet:-1, max-image-preview:large, max-video-preview:-1\" \/>\n<link rel=\"canonical\" href=\"https:\/\/grengechternach.lu\/wordpress\/2021\/07\/die-motion-vom-sigre\/\" \/>\n<meta property=\"og:locale\" content=\"de_DE\" \/>\n<meta property=\"og:type\" content=\"article\" \/>\n<meta property=\"og:title\" content=\"Die Motion vom SIGRE - d\u00e9i gr\u00e9ng Eechternoach\" \/>\n<meta property=\"og:description\" content=\"Intervention von Carole Zeimetz All K\u00e9ieres wann ee vu Klimapolitik schw\u00e4tzt sinn all Bierger, Experten an och Politiker d\u2019Accord a fuerderen dass mer mussen \u00ebmdenken! Op pers\u00e9inlechem, lokalem, nationalen an internationalem Niveau! Mir hunn gesinn an engem Workshop deen hei zu Iechternach war iwwert Thema null Offall dass dest Thema dem Bierger wichteg ass. Ben [&hellip;]\" \/>\n<meta property=\"og:url\" content=\"https:\/\/grengechternach.lu\/wordpress\/2021\/07\/die-motion-vom-sigre\/\" \/>\n<meta property=\"og:site_name\" content=\"d\u00e9i gr\u00e9ng Eechternoach\" \/>\n<meta property=\"article:publisher\" content=\"https:\/\/www.facebook.com\/grengechternach\/\" \/>\n<meta property=\"article:published_time\" content=\"2021-07-12T14:49:42+00:00\" \/>\n<meta property=\"article:modified_time\" content=\"2021-07-12T14:59:17+00:00\" \/>\n<meta property=\"og:image\" content=\"https:\/\/grengechternach.lu\/wordpress\/wp-content\/uploads\/2021\/07\/Screenshot-2021-07-12-at-16.48.10.png\" \/>\n\t<meta property=\"og:image:width\" content=\"1114\" \/>\n\t<meta property=\"og:image:height\" content=\"368\" \/>\n\t<meta property=\"og:image:type\" content=\"image\/png\" \/>\n<meta name=\"author\" content=\"PhotovoltaiK\" \/>\n<meta name=\"twitter:card\" content=\"summary_large_image\" \/>\n<meta name=\"twitter:label1\" content=\"Verfasst von\" \/>\n\t<meta name=\"twitter:data1\" content=\"PhotovoltaiK\" \/>\n\t<meta name=\"twitter:label2\" content=\"Gesch\u00e4tzte Lesezeit\" \/>\n\t<meta name=\"twitter:data2\" content=\"5\u00a0Minuten\" \/>\n<script type=\"application\/ld+json\" class=\"yoast-schema-graph\">{\"@context\":\"https:\/\/schema.org\",\"@graph\":[{\"@type\":\"Article\",\"@id\":\"https:\/\/grengechternach.lu\/wordpress\/2021\/07\/die-motion-vom-sigre\/#article\",\"isPartOf\":{\"@id\":\"https:\/\/grengechternach.lu\/wordpress\/2021\/07\/die-motion-vom-sigre\/\"},\"author\":{\"name\":\"PhotovoltaiK\",\"@id\":\"http:\/\/grengechternach.lu\/wordpress\/#\/schema\/person\/d85d66f678213cef04674b8062622de8\"},\"headline\":\"Die Motion vom SIGRE\",\"datePublished\":\"2021-07-12T14:49:42+00:00\",\"dateModified\":\"2021-07-12T14:59:17+00:00\",\"mainEntityOfPage\":{\"@id\":\"https:\/\/grengechternach.lu\/wordpress\/2021\/07\/die-motion-vom-sigre\/\"},\"wordCount\":960,\"publisher\":{\"@id\":\"http:\/\/grengechternach.lu\/wordpress\/#organization\"},\"keywords\":[\"Abfall\",\"Deponie\",\"Ooffall\",\"sigre\"],\"articleSection\":[\"Conseil communal\"],\"inLanguage\":\"de\"},{\"@type\":\"WebPage\",\"@id\":\"https:\/\/grengechternach.lu\/wordpress\/2021\/07\/die-motion-vom-sigre\/\",\"url\":\"https:\/\/grengechternach.lu\/wordpress\/2021\/07\/die-motion-vom-sigre\/\",\"name\":\"Die Motion vom SIGRE - d\u00e9i gr\u00e9ng Eechternoach\",\"isPartOf\":{\"@id\":\"http:\/\/grengechternach.lu\/wordpress\/#website\"},\"datePublished\":\"2021-07-12T14:49:42+00:00\",\"dateModified\":\"2021-07-12T14:59:17+00:00\",\"breadcrumb\":{\"@id\":\"https:\/\/grengechternach.lu\/wordpress\/2021\/07\/die-motion-vom-sigre\/#breadcrumb\"},\"inLanguage\":\"de\",\"potentialAction\":[{\"@type\":\"ReadAction\",\"target\":[\"https:\/\/grengechternach.lu\/wordpress\/2021\/07\/die-motion-vom-sigre\/\"]}]},{\"@type\":\"BreadcrumbList\",\"@id\":\"https:\/\/grengechternach.lu\/wordpress\/2021\/07\/die-motion-vom-sigre\/#breadcrumb\",\"itemListElement\":[{\"@type\":\"ListItem\",\"position\":1,\"name\":\"Startseite\",\"item\":\"http:\/\/grengechternach.lu\/wordpress\/\"},{\"@type\":\"ListItem\",\"position\":2,\"name\":\"Die Motion vom SIGRE\"}]},{\"@type\":\"WebSite\",\"@id\":\"http:\/\/grengechternach.lu\/wordpress\/#website\",\"url\":\"http:\/\/grengechternach.lu\/wordpress\/\",\"name\":\"d\u00e9i gr\u00e9ng Eechternoach\",\"description\":\"\",\"publisher\":{\"@id\":\"http:\/\/grengechternach.lu\/wordpress\/#organization\"},\"potentialAction\":[{\"@type\":\"SearchAction\",\"target\":{\"@type\":\"EntryPoint\",\"urlTemplate\":\"http:\/\/grengechternach.lu\/wordpress\/?s={search_term_string}\"},\"query-input\":\"required name=search_term_string\"}],\"inLanguage\":\"de\"},{\"@type\":\"Organization\",\"@id\":\"http:\/\/grengechternach.lu\/wordpress\/#organization\",\"name\":\"d\u00e9i gr\u00e9ng Eechternoach\",\"url\":\"http:\/\/grengechternach.lu\/wordpress\/\",\"logo\":{\"@type\":\"ImageObject\",\"inLanguage\":\"de\",\"@id\":\"http:\/\/grengechternach.lu\/wordpress\/#\/schema\/logo\/image\/\",\"url\":\"http:\/\/grengechternach.lu\/wordpress\/wp-content\/uploads\/2017\/03\/greng-echternach-logo.png\",\"contentUrl\":\"http:\/\/grengechternach.lu\/wordpress\/wp-content\/uploads\/2017\/03\/greng-echternach-logo.png\",\"width\":151,\"height\":125,\"caption\":\"d\u00e9i gr\u00e9ng Eechternoach\"},\"image\":{\"@id\":\"http:\/\/grengechternach.lu\/wordpress\/#\/schema\/logo\/image\/\"},\"sameAs\":[\"https:\/\/www.instagram.com\/deigrengeechternoach\/\",\"https:\/\/www.facebook.com\/grengechternach\/\"]},{\"@type\":\"Person\",\"@id\":\"http:\/\/grengechternach.lu\/wordpress\/#\/schema\/person\/d85d66f678213cef04674b8062622de8\",\"name\":\"PhotovoltaiK\",\"image\":{\"@type\":\"ImageObject\",\"inLanguage\":\"de\",\"@id\":\"http:\/\/grengechternach.lu\/wordpress\/#\/schema\/person\/image\/\",\"url\":\"http:\/\/0.gravatar.com\/avatar\/cd9185ca89f7aaca9914bd4d4a295d46?s=96&d=mm&r=g\",\"contentUrl\":\"http:\/\/0.gravatar.com\/avatar\/cd9185ca89f7aaca9914bd4d4a295d46?s=96&d=mm&r=g\",\"caption\":\"PhotovoltaiK\"},\"sameAs\":[\"http:\/\/www.daisymupp.net\"],\"url\":\"http:\/\/grengechternach.lu\/wordpress\/author\/biogas\/\"}]}<\/script>\n<!-- \/ Yoast SEO plugin. -->","yoast_head_json":{"title":"Die Motion vom SIGRE - d\u00e9i gr\u00e9ng Eechternoach","robots":{"index":"index","follow":"follow","max-snippet":"max-snippet:-1","max-image-preview":"max-image-preview:large","max-video-preview":"max-video-preview:-1"},"canonical":"https:\/\/grengechternach.lu\/wordpress\/2021\/07\/die-motion-vom-sigre\/","og_locale":"de_DE","og_type":"article","og_title":"Die Motion vom SIGRE - d\u00e9i gr\u00e9ng Eechternoach","og_description":"Intervention von Carole Zeimetz All K\u00e9ieres wann ee vu Klimapolitik schw\u00e4tzt sinn all Bierger, Experten an och Politiker d\u2019Accord a fuerderen dass mer mussen \u00ebmdenken! Op pers\u00e9inlechem, lokalem, nationalen an internationalem Niveau! Mir hunn gesinn an engem Workshop deen hei zu Iechternach war iwwert Thema null Offall dass dest Thema dem Bierger wichteg ass. Ben [&hellip;]","og_url":"https:\/\/grengechternach.lu\/wordpress\/2021\/07\/die-motion-vom-sigre\/","og_site_name":"d\u00e9i gr\u00e9ng Eechternoach","article_publisher":"https:\/\/www.facebook.com\/grengechternach\/","article_published_time":"2021-07-12T14:49:42+00:00","article_modified_time":"2021-07-12T14:59:17+00:00","og_image":[{"width":1114,"height":368,"url":"https:\/\/grengechternach.lu\/wordpress\/wp-content\/uploads\/2021\/07\/Screenshot-2021-07-12-at-16.48.10.png","type":"image\/png"}],"author":"PhotovoltaiK","twitter_card":"summary_large_image","twitter_misc":{"Verfasst von":"PhotovoltaiK","Gesch\u00e4tzte Lesezeit":"5\u00a0Minuten"},"schema":{"@context":"https:\/\/schema.org","@graph":[{"@type":"Article","@id":"https:\/\/grengechternach.lu\/wordpress\/2021\/07\/die-motion-vom-sigre\/#article","isPartOf":{"@id":"https:\/\/grengechternach.lu\/wordpress\/2021\/07\/die-motion-vom-sigre\/"},"author":{"name":"PhotovoltaiK","@id":"http:\/\/grengechternach.lu\/wordpress\/#\/schema\/person\/d85d66f678213cef04674b8062622de8"},"headline":"Die Motion vom SIGRE","datePublished":"2021-07-12T14:49:42+00:00","dateModified":"2021-07-12T14:59:17+00:00","mainEntityOfPage":{"@id":"https:\/\/grengechternach.lu\/wordpress\/2021\/07\/die-motion-vom-sigre\/"},"wordCount":960,"publisher":{"@id":"http:\/\/grengechternach.lu\/wordpress\/#organization"},"keywords":["Abfall","Deponie","Ooffall","sigre"],"articleSection":["Conseil communal"],"inLanguage":"de"},{"@type":"WebPage","@id":"https:\/\/grengechternach.lu\/wordpress\/2021\/07\/die-motion-vom-sigre\/","url":"https:\/\/grengechternach.lu\/wordpress\/2021\/07\/die-motion-vom-sigre\/","name":"Die Motion vom SIGRE - d\u00e9i gr\u00e9ng Eechternoach","isPartOf":{"@id":"http:\/\/grengechternach.lu\/wordpress\/#website"},"datePublished":"2021-07-12T14:49:42+00:00","dateModified":"2021-07-12T14:59:17+00:00","breadcrumb":{"@id":"https:\/\/grengechternach.lu\/wordpress\/2021\/07\/die-motion-vom-sigre\/#breadcrumb"},"inLanguage":"de","potentialAction":[{"@type":"ReadAction","target":["https:\/\/grengechternach.lu\/wordpress\/2021\/07\/die-motion-vom-sigre\/"]}]},{"@type":"BreadcrumbList","@id":"https:\/\/grengechternach.lu\/wordpress\/2021\/07\/die-motion-vom-sigre\/#breadcrumb","itemListElement":[{"@type":"ListItem","position":1,"name":"Startseite","item":"http:\/\/grengechternach.lu\/wordpress\/"},{"@type":"ListItem","position":2,"name":"Die Motion vom SIGRE"}]},{"@type":"WebSite","@id":"http:\/\/grengechternach.lu\/wordpress\/#website","url":"http:\/\/grengechternach.lu\/wordpress\/","name":"d\u00e9i gr\u00e9ng Eechternoach","description":"","publisher":{"@id":"http:\/\/grengechternach.lu\/wordpress\/#organization"},"potentialAction":[{"@type":"SearchAction","target":{"@type":"EntryPoint","urlTemplate":"http:\/\/grengechternach.lu\/wordpress\/?s={search_term_string}"},"query-input":"required name=search_term_string"}],"inLanguage":"de"},{"@type":"Organization","@id":"http:\/\/grengechternach.lu\/wordpress\/#organization","name":"d\u00e9i gr\u00e9ng Eechternoach","url":"http:\/\/grengechternach.lu\/wordpress\/","logo":{"@type":"ImageObject","inLanguage":"de","@id":"http:\/\/grengechternach.lu\/wordpress\/#\/schema\/logo\/image\/","url":"http:\/\/grengechternach.lu\/wordpress\/wp-content\/uploads\/2017\/03\/greng-echternach-logo.png","contentUrl":"http:\/\/grengechternach.lu\/wordpress\/wp-content\/uploads\/2017\/03\/greng-echternach-logo.png","width":151,"height":125,"caption":"d\u00e9i gr\u00e9ng Eechternoach"},"image":{"@id":"http:\/\/grengechternach.lu\/wordpress\/#\/schema\/logo\/image\/"},"sameAs":["https:\/\/www.instagram.com\/deigrengeechternoach\/","https:\/\/www.facebook.com\/grengechternach\/"]},{"@type":"Person","@id":"http:\/\/grengechternach.lu\/wordpress\/#\/schema\/person\/d85d66f678213cef04674b8062622de8","name":"PhotovoltaiK","image":{"@type":"ImageObject","inLanguage":"de","@id":"http:\/\/grengechternach.lu\/wordpress\/#\/schema\/person\/image\/","url":"http:\/\/0.gravatar.com\/avatar\/cd9185ca89f7aaca9914bd4d4a295d46?s=96&d=mm&r=g","contentUrl":"http:\/\/0.gravatar.com\/avatar\/cd9185ca89f7aaca9914bd4d4a295d46?s=96&d=mm&r=g","caption":"PhotovoltaiK"},"sameAs":["http:\/\/www.daisymupp.net"],"url":"http:\/\/grengechternach.lu\/wordpress\/author\/biogas\/"}]}},"_links":{"self":[{"href":"http:\/\/grengechternach.lu\/wordpress\/wp-json\/wp\/v2\/posts\/2100"}],"collection":[{"href":"http:\/\/grengechternach.lu\/wordpress\/wp-json\/wp\/v2\/posts"}],"about":[{"href":"http:\/\/grengechternach.lu\/wordpress\/wp-json\/wp\/v2\/types\/post"}],"author":[{"embeddable":true,"href":"http:\/\/grengechternach.lu\/wordpress\/wp-json\/wp\/v2\/users\/5"}],"replies":[{"embeddable":true,"href":"http:\/\/grengechternach.lu\/wordpress\/wp-json\/wp\/v2\/comments?post=2100"}],"version-history":[{"count":4,"href":"http:\/\/grengechternach.lu\/wordpress\/wp-json\/wp\/v2\/posts\/2100\/revisions"}],"predecessor-version":[{"id":2114,"href":"http:\/\/grengechternach.lu\/wordpress\/wp-json\/wp\/v2\/posts\/2100\/revisions\/2114"}],"wp:featuredmedia":[{"embeddable":true,"href":"http:\/\/grengechternach.lu\/wordpress\/wp-json\/wp\/v2\/media\/2106"}],"wp:attachment":[{"href":"http:\/\/grengechternach.lu\/wordpress\/wp-json\/wp\/v2\/media?parent=2100"}],"wp:term":[{"taxonomy":"category","embeddable":true,"href":"http:\/\/grengechternach.lu\/wordpress\/wp-json\/wp\/v2\/categories?post=2100"},{"taxonomy":"post_tag","embeddable":true,"href":"http:\/\/grengechternach.lu\/wordpress\/wp-json\/wp\/v2\/tags?post=2100"}],"curies":[{"name":"wp","href":"https:\/\/api.w.org\/{rel}","templated":true}]}}