{"id":2124,"date":"2021-11-25T09:48:24","date_gmt":"2021-11-25T08:48:24","guid":{"rendered":"http:\/\/grengechternach.lu\/wordpress\/?p=2124"},"modified":"2021-11-25T09:55:53","modified_gmt":"2021-11-25T08:55:53","slug":"stellungnahme","status":"publish","type":"post","link":"http:\/\/grengechternach.lu\/wordpress\/2021\/11\/stellungnahme\/","title":{"rendered":"Stellungnahme"},"content":{"rendered":"\n<blockquote class=\"wp-block-quote\"><p>Stellungnahme zum Artikel Luxemburger Wort: \u201eDie Uhr tickt\u201c vom 20.\/21.November 2021<\/p><\/blockquote>\n\n\n\n<!--more-->\n\n\n\n<p>Schon wiederholt haben \u201ed\u00e9i gr\u00e9ng\u201c Fragen zum Stand der Dinge im Dossier \u201eArch\u00e4ologische Funde\u201c an den Sch\u00f6ffenrat gestellt, die meist nicht zufriedenstellend beantwortet wurden. Die Informationen nun aus einem Zeitungsartikel entnehmen zu m\u00fcssen entspricht nicht unserer Vorstellung von demokratischem Vorgehen.<\/p>\n\n\n\n<p>Wir begr\u00fc\u00dfen zwar dass eine Machbarkeitsstudie f\u00fcr das Grundst\u00fcck beauftragt wurde, zumal eine Umsetzung des Projektes \u201eMarquise\u201c in der geplanten Form nicht mehr m\u00f6glich ist. Unverst\u00e4ndlich ist es uns jedoch, wieso der Sch\u00f6ffenrat f\u00fcr diese Entscheidung mehrere Monate gebraucht hat. Statt auf die Arch\u00e4ologen und das Kulturministerium zu warten und ihnen Unt\u00e4tigkeit vorzuwerfen, h\u00e4tte man die Ausgrabungszeit l\u00e4ngst f\u00fcr die Suche alternativer L\u00f6sungen nutzen k\u00f6nnen. Bereits im Mai 2021 haben \u201cd\u00e9i gr\u00e9ng\u201c die Auslobung eines Architektenwettbewerbes vorgeschlagen, eine Vorgehensweise die wir nach wie vor favorisieren.<\/p>\n\n\n\n<p>Einigkeit bestand im Mai 2021 im Gemeinderat darin, dass die Stadt stolz auf diese bedeutsamen Funde sein kann. Nun da es sich mehr und mehr herausstellt, dass diese auch von internationaler Bedeutung sind, w\u00fcnschen wir uns eine enge und vertrauensvolle Zusammenarbeit mit den staatlichen Stellen. Es ist kaum vorstellbar, dass der Staat seine \u00e4lteste Stadt mit dieser Problematik im Regen stehen lassen wird. Die st\u00e4ndige Wiederholung von Schuldzuweisungen an die betroffenen Ministerien ist jedoch weder hilfreich noch zielf\u00fchrend. Die voraussichtlich hohen Kosten aufgrund von Vertragskonditionen und Aufl\u00f6sungsentsch\u00e4digungen k\u00f6nnen keinesfalls dem Kulturministerium vorgeworfen werden, liegen sie doch in der Verantwortung des Sch\u00f6ffenrates, der die vertragliche Ausgestaltung des Projektes verhandelt hat. Alleing\u00e4nge mit nicht absehbaren Konsequenzen sind daher den Akteuren selbst anzulasten, die ohne R\u00fccksprache mit dem Gemeinderat und ohne diesen zu informieren, gehandelt haben.<\/p>\n\n\n\n<p>\u201eD\u00e9i gr\u00e9ng Eechternoach\u201c sind der Meinung, dass eine klare Positionierung der Stadt Echternach in der Frage der Klassierung der Ausgrabungsst\u00e4tte unbedingt erforderlich ist. Hierzu ist aus unserer Sicht eine von allen Parteien getragene Stellungnahme w\u00fcnschenswert. Kein Verst\u00e4ndnis haben wir daf\u00fcr, dass diese nicht l\u00e4ngstens abgegeben wurde, zumal in der Debatte vom 10.05.2021 der zu beschreitende Weg schon klar beschrieben worden war und Einigkeit dar\u00fcber zu bestehen schien.<\/p>\n\n\n\n<p>Es bleibt zu hoffen, dass sich eine breite Mehrheit daf\u00fcr findet, den geplanten Denkmalschutz zu begr\u00fc\u00dfen, die Ausgrabungsst\u00e4tte in die weitere Planung des Projektes einzubeziehen und somit eine Aufwertung des Marktplatzes anzustreben.<\/p>\n\n\n\n<p>Damit w\u00fcrde sich Echternach endlich auch wirklich bewegen!<\/p>\n\n\n\n<p>d\u00e9i gr\u00e9ng Eechternoach<\/p>\n\n\n\n<p>mitgeteilt von Christina Fogens 24.11.2021<\/p>\n\n\n\n<figure class=\"wp-block-image size-full is-resized\"><a href=\"http:\/\/grengechternach.lu\/wordpress\/wp-content\/uploads\/2021\/11\/211124_Stellungnahme.pdf\"><img decoding=\"async\" loading=\"lazy\" src=\"http:\/\/grengechternach.lu\/wordpress\/wp-content\/uploads\/2020\/12\/195px-PDF_file_icon.svg_.png\" alt=\"\" class=\"wp-image-1993\" width=\"190\" height=\"234\"\/><\/a><figcaption>Stellungnahme herunterladen <\/figcaption><\/figure>\n\n\n\n<p><\/p>\n","protected":false},"excerpt":{"rendered":"<p>zum Artikel Luxemburger Wort: \u201eDie Uhr tickt\u201c vom 20.\/21.November 2021<\/p>\n","protected":false},"author":5,"featured_media":2074,"comment_status":"closed","ping_status":"open","sticky":false,"template":"","format":"standard","meta":{"_et_pb_use_builder":"off","_et_pb_old_content":"","_et_gb_content_width":""},"categories":[37],"tags":[31,38],"yoast_head":"<!-- This site is optimized with the Yoast SEO plugin v19.10 - https:\/\/yoast.com\/wordpress\/plugins\/seo\/ -->\n<title>Stellungnahme - d\u00e9i gr\u00e9ng Eechternoach<\/title>\n<meta name=\"robots\" content=\"index, follow, max-snippet:-1, max-image-preview:large, max-video-preview:-1\" \/>\n<link rel=\"canonical\" href=\"http:\/\/grengechternach.lu\/wordpress\/2021\/11\/stellungnahme\/\" \/>\n<meta property=\"og:locale\" content=\"de_DE\" \/>\n<meta property=\"og:type\" content=\"article\" \/>\n<meta property=\"og:title\" content=\"Stellungnahme - d\u00e9i gr\u00e9ng Eechternoach\" \/>\n<meta property=\"og:description\" content=\"zum Artikel Luxemburger Wort: \u201eDie Uhr tickt\u201c vom 20.\/21.November 2021\" \/>\n<meta property=\"og:url\" content=\"http:\/\/grengechternach.lu\/wordpress\/2021\/11\/stellungnahme\/\" \/>\n<meta property=\"og:site_name\" content=\"d\u00e9i gr\u00e9ng Eechternoach\" \/>\n<meta property=\"article:publisher\" content=\"https:\/\/www.facebook.com\/grengechternach\/\" \/>\n<meta property=\"article:published_time\" content=\"2021-11-25T08:48:24+00:00\" \/>\n<meta property=\"article:modified_time\" content=\"2021-11-25T08:55:53+00:00\" \/>\n<meta property=\"og:image\" content=\"http:\/\/grengechternach.lu\/wordpress\/wp-content\/uploads\/2021\/05\/Marquise.jpeg\" \/>\n\t<meta property=\"og:image:width\" content=\"2524\" \/>\n\t<meta property=\"og:image:height\" content=\"1432\" \/>\n\t<meta property=\"og:image:type\" content=\"image\/jpeg\" \/>\n<meta name=\"author\" content=\"PhotovoltaiK\" \/>\n<meta name=\"twitter:card\" content=\"summary_large_image\" \/>\n<meta name=\"twitter:label1\" content=\"Verfasst von\" \/>\n\t<meta name=\"twitter:data1\" content=\"PhotovoltaiK\" \/>\n\t<meta name=\"twitter:label2\" content=\"Gesch\u00e4tzte Lesezeit\" \/>\n\t<meta name=\"twitter:data2\" content=\"2\u00a0Minuten\" \/>\n<script type=\"application\/ld+json\" class=\"yoast-schema-graph\">{\"@context\":\"https:\/\/schema.org\",\"@graph\":[{\"@type\":\"Article\",\"@id\":\"http:\/\/grengechternach.lu\/wordpress\/2021\/11\/stellungnahme\/#article\",\"isPartOf\":{\"@id\":\"http:\/\/grengechternach.lu\/wordpress\/2021\/11\/stellungnahme\/\"},\"author\":{\"name\":\"PhotovoltaiK\",\"@id\":\"http:\/\/grengechternach.lu\/wordpress\/#\/schema\/person\/d85d66f678213cef04674b8062622de8\"},\"headline\":\"Stellungnahme\",\"datePublished\":\"2021-11-25T08:48:24+00:00\",\"dateModified\":\"2021-11-25T08:55:53+00:00\",\"mainEntityOfPage\":{\"@id\":\"http:\/\/grengechternach.lu\/wordpress\/2021\/11\/stellungnahme\/\"},\"wordCount\":426,\"publisher\":{\"@id\":\"http:\/\/grengechternach.lu\/wordpress\/#organization\"},\"keywords\":[\"marquise\",\"Stellungnahme\"],\"articleSection\":[\"Stellungnahmen\"],\"inLanguage\":\"de\"},{\"@type\":\"WebPage\",\"@id\":\"http:\/\/grengechternach.lu\/wordpress\/2021\/11\/stellungnahme\/\",\"url\":\"http:\/\/grengechternach.lu\/wordpress\/2021\/11\/stellungnahme\/\",\"name\":\"Stellungnahme - d\u00e9i gr\u00e9ng Eechternoach\",\"isPartOf\":{\"@id\":\"http:\/\/grengechternach.lu\/wordpress\/#website\"},\"datePublished\":\"2021-11-25T08:48:24+00:00\",\"dateModified\":\"2021-11-25T08:55:53+00:00\",\"breadcrumb\":{\"@id\":\"http:\/\/grengechternach.lu\/wordpress\/2021\/11\/stellungnahme\/#breadcrumb\"},\"inLanguage\":\"de\",\"potentialAction\":[{\"@type\":\"ReadAction\",\"target\":[\"http:\/\/grengechternach.lu\/wordpress\/2021\/11\/stellungnahme\/\"]}]},{\"@type\":\"BreadcrumbList\",\"@id\":\"http:\/\/grengechternach.lu\/wordpress\/2021\/11\/stellungnahme\/#breadcrumb\",\"itemListElement\":[{\"@type\":\"ListItem\",\"position\":1,\"name\":\"Startseite\",\"item\":\"http:\/\/grengechternach.lu\/wordpress\/\"},{\"@type\":\"ListItem\",\"position\":2,\"name\":\"Stellungnahme\"}]},{\"@type\":\"WebSite\",\"@id\":\"http:\/\/grengechternach.lu\/wordpress\/#website\",\"url\":\"http:\/\/grengechternach.lu\/wordpress\/\",\"name\":\"d\u00e9i gr\u00e9ng Eechternoach\",\"description\":\"\",\"publisher\":{\"@id\":\"http:\/\/grengechternach.lu\/wordpress\/#organization\"},\"potentialAction\":[{\"@type\":\"SearchAction\",\"target\":{\"@type\":\"EntryPoint\",\"urlTemplate\":\"http:\/\/grengechternach.lu\/wordpress\/?s={search_term_string}\"},\"query-input\":\"required name=search_term_string\"}],\"inLanguage\":\"de\"},{\"@type\":\"Organization\",\"@id\":\"http:\/\/grengechternach.lu\/wordpress\/#organization\",\"name\":\"d\u00e9i gr\u00e9ng Eechternoach\",\"url\":\"http:\/\/grengechternach.lu\/wordpress\/\",\"logo\":{\"@type\":\"ImageObject\",\"inLanguage\":\"de\",\"@id\":\"http:\/\/grengechternach.lu\/wordpress\/#\/schema\/logo\/image\/\",\"url\":\"http:\/\/grengechternach.lu\/wordpress\/wp-content\/uploads\/2017\/03\/greng-echternach-logo.png\",\"contentUrl\":\"http:\/\/grengechternach.lu\/wordpress\/wp-content\/uploads\/2017\/03\/greng-echternach-logo.png\",\"width\":151,\"height\":125,\"caption\":\"d\u00e9i gr\u00e9ng Eechternoach\"},\"image\":{\"@id\":\"http:\/\/grengechternach.lu\/wordpress\/#\/schema\/logo\/image\/\"},\"sameAs\":[\"https:\/\/www.instagram.com\/deigrengeechternoach\/\",\"https:\/\/www.facebook.com\/grengechternach\/\"]},{\"@type\":\"Person\",\"@id\":\"http:\/\/grengechternach.lu\/wordpress\/#\/schema\/person\/d85d66f678213cef04674b8062622de8\",\"name\":\"PhotovoltaiK\",\"image\":{\"@type\":\"ImageObject\",\"inLanguage\":\"de\",\"@id\":\"http:\/\/grengechternach.lu\/wordpress\/#\/schema\/person\/image\/\",\"url\":\"http:\/\/0.gravatar.com\/avatar\/cd9185ca89f7aaca9914bd4d4a295d46?s=96&d=mm&r=g\",\"contentUrl\":\"http:\/\/0.gravatar.com\/avatar\/cd9185ca89f7aaca9914bd4d4a295d46?s=96&d=mm&r=g\",\"caption\":\"PhotovoltaiK\"},\"sameAs\":[\"http:\/\/www.daisymupp.net\"],\"url\":\"http:\/\/grengechternach.lu\/wordpress\/author\/biogas\/\"}]}<\/script>\n<!-- \/ Yoast SEO plugin. -->","yoast_head_json":{"title":"Stellungnahme - d\u00e9i gr\u00e9ng Eechternoach","robots":{"index":"index","follow":"follow","max-snippet":"max-snippet:-1","max-image-preview":"max-image-preview:large","max-video-preview":"max-video-preview:-1"},"canonical":"http:\/\/grengechternach.lu\/wordpress\/2021\/11\/stellungnahme\/","og_locale":"de_DE","og_type":"article","og_title":"Stellungnahme - d\u00e9i gr\u00e9ng Eechternoach","og_description":"zum Artikel Luxemburger Wort: \u201eDie Uhr tickt\u201c vom 20.\/21.November 2021","og_url":"http:\/\/grengechternach.lu\/wordpress\/2021\/11\/stellungnahme\/","og_site_name":"d\u00e9i gr\u00e9ng Eechternoach","article_publisher":"https:\/\/www.facebook.com\/grengechternach\/","article_published_time":"2021-11-25T08:48:24+00:00","article_modified_time":"2021-11-25T08:55:53+00:00","og_image":[{"width":2524,"height":1432,"url":"http:\/\/grengechternach.lu\/wordpress\/wp-content\/uploads\/2021\/05\/Marquise.jpeg","type":"image\/jpeg"}],"author":"PhotovoltaiK","twitter_card":"summary_large_image","twitter_misc":{"Verfasst von":"PhotovoltaiK","Gesch\u00e4tzte Lesezeit":"2\u00a0Minuten"},"schema":{"@context":"https:\/\/schema.org","@graph":[{"@type":"Article","@id":"http:\/\/grengechternach.lu\/wordpress\/2021\/11\/stellungnahme\/#article","isPartOf":{"@id":"http:\/\/grengechternach.lu\/wordpress\/2021\/11\/stellungnahme\/"},"author":{"name":"PhotovoltaiK","@id":"http:\/\/grengechternach.lu\/wordpress\/#\/schema\/person\/d85d66f678213cef04674b8062622de8"},"headline":"Stellungnahme","datePublished":"2021-11-25T08:48:24+00:00","dateModified":"2021-11-25T08:55:53+00:00","mainEntityOfPage":{"@id":"http:\/\/grengechternach.lu\/wordpress\/2021\/11\/stellungnahme\/"},"wordCount":426,"publisher":{"@id":"http:\/\/grengechternach.lu\/wordpress\/#organization"},"keywords":["marquise","Stellungnahme"],"articleSection":["Stellungnahmen"],"inLanguage":"de"},{"@type":"WebPage","@id":"http:\/\/grengechternach.lu\/wordpress\/2021\/11\/stellungnahme\/","url":"http:\/\/grengechternach.lu\/wordpress\/2021\/11\/stellungnahme\/","name":"Stellungnahme - d\u00e9i gr\u00e9ng Eechternoach","isPartOf":{"@id":"http:\/\/grengechternach.lu\/wordpress\/#website"},"datePublished":"2021-11-25T08:48:24+00:00","dateModified":"2021-11-25T08:55:53+00:00","breadcrumb":{"@id":"http:\/\/grengechternach.lu\/wordpress\/2021\/11\/stellungnahme\/#breadcrumb"},"inLanguage":"de","potentialAction":[{"@type":"ReadAction","target":["http:\/\/grengechternach.lu\/wordpress\/2021\/11\/stellungnahme\/"]}]},{"@type":"BreadcrumbList","@id":"http:\/\/grengechternach.lu\/wordpress\/2021\/11\/stellungnahme\/#breadcrumb","itemListElement":[{"@type":"ListItem","position":1,"name":"Startseite","item":"http:\/\/grengechternach.lu\/wordpress\/"},{"@type":"ListItem","position":2,"name":"Stellungnahme"}]},{"@type":"WebSite","@id":"http:\/\/grengechternach.lu\/wordpress\/#website","url":"http:\/\/grengechternach.lu\/wordpress\/","name":"d\u00e9i gr\u00e9ng Eechternoach","description":"","publisher":{"@id":"http:\/\/grengechternach.lu\/wordpress\/#organization"},"potentialAction":[{"@type":"SearchAction","target":{"@type":"EntryPoint","urlTemplate":"http:\/\/grengechternach.lu\/wordpress\/?s={search_term_string}"},"query-input":"required name=search_term_string"}],"inLanguage":"de"},{"@type":"Organization","@id":"http:\/\/grengechternach.lu\/wordpress\/#organization","name":"d\u00e9i gr\u00e9ng Eechternoach","url":"http:\/\/grengechternach.lu\/wordpress\/","logo":{"@type":"ImageObject","inLanguage":"de","@id":"http:\/\/grengechternach.lu\/wordpress\/#\/schema\/logo\/image\/","url":"http:\/\/grengechternach.lu\/wordpress\/wp-content\/uploads\/2017\/03\/greng-echternach-logo.png","contentUrl":"http:\/\/grengechternach.lu\/wordpress\/wp-content\/uploads\/2017\/03\/greng-echternach-logo.png","width":151,"height":125,"caption":"d\u00e9i gr\u00e9ng Eechternoach"},"image":{"@id":"http:\/\/grengechternach.lu\/wordpress\/#\/schema\/logo\/image\/"},"sameAs":["https:\/\/www.instagram.com\/deigrengeechternoach\/","https:\/\/www.facebook.com\/grengechternach\/"]},{"@type":"Person","@id":"http:\/\/grengechternach.lu\/wordpress\/#\/schema\/person\/d85d66f678213cef04674b8062622de8","name":"PhotovoltaiK","image":{"@type":"ImageObject","inLanguage":"de","@id":"http:\/\/grengechternach.lu\/wordpress\/#\/schema\/person\/image\/","url":"http:\/\/0.gravatar.com\/avatar\/cd9185ca89f7aaca9914bd4d4a295d46?s=96&d=mm&r=g","contentUrl":"http:\/\/0.gravatar.com\/avatar\/cd9185ca89f7aaca9914bd4d4a295d46?s=96&d=mm&r=g","caption":"PhotovoltaiK"},"sameAs":["http:\/\/www.daisymupp.net"],"url":"http:\/\/grengechternach.lu\/wordpress\/author\/biogas\/"}]}},"_links":{"self":[{"href":"http:\/\/grengechternach.lu\/wordpress\/wp-json\/wp\/v2\/posts\/2124"}],"collection":[{"href":"http:\/\/grengechternach.lu\/wordpress\/wp-json\/wp\/v2\/posts"}],"about":[{"href":"http:\/\/grengechternach.lu\/wordpress\/wp-json\/wp\/v2\/types\/post"}],"author":[{"embeddable":true,"href":"http:\/\/grengechternach.lu\/wordpress\/wp-json\/wp\/v2\/users\/5"}],"replies":[{"embeddable":true,"href":"http:\/\/grengechternach.lu\/wordpress\/wp-json\/wp\/v2\/comments?post=2124"}],"version-history":[{"count":2,"href":"http:\/\/grengechternach.lu\/wordpress\/wp-json\/wp\/v2\/posts\/2124\/revisions"}],"predecessor-version":[{"id":2135,"href":"http:\/\/grengechternach.lu\/wordpress\/wp-json\/wp\/v2\/posts\/2124\/revisions\/2135"}],"wp:featuredmedia":[{"embeddable":true,"href":"http:\/\/grengechternach.lu\/wordpress\/wp-json\/wp\/v2\/media\/2074"}],"wp:attachment":[{"href":"http:\/\/grengechternach.lu\/wordpress\/wp-json\/wp\/v2\/media?parent=2124"}],"wp:term":[{"taxonomy":"category","embeddable":true,"href":"http:\/\/grengechternach.lu\/wordpress\/wp-json\/wp\/v2\/categories?post=2124"},{"taxonomy":"post_tag","embeddable":true,"href":"http:\/\/grengechternach.lu\/wordpress\/wp-json\/wp\/v2\/tags?post=2124"}],"curies":[{"name":"wp","href":"https:\/\/api.w.org\/{rel}","templated":true}]}}