{"id":2185,"date":"2022-03-05T15:00:00","date_gmt":"2022-03-05T14:00:00","guid":{"rendered":"http:\/\/grengechternach.lu\/wordpress\/?p=2185"},"modified":"2022-03-08T15:44:37","modified_gmt":"2022-03-08T14:44:37","slug":"stoppt-de-krich","status":"publish","type":"post","link":"http:\/\/grengechternach.lu\/wordpress\/2022\/03\/stoppt-de-krich\/","title":{"rendered":"Stoppt de Krich!"},"content":{"rendered":"\n<p>Place Clairefontaine \u2013 Luxemburg-Stadt \u2013 5. M\u00e4rz 2022<br>Stellungnahme f\u00fcr ASTI, Friddensplattform, Justice et Paix, Mouvement \u00e9cologique, OGBL<\/p>\n\n\n\n<blockquote class=\"wp-block-quote\"><p>\u201eDie Missachtung des Lebens und die Brutalit\u00e4t gegen die Menschen lassen die F\u00e4higkeit des Menschen zur Unmenschlichkeit erkennen. \u2013 Sie kann und darf kein Mittel irgendeiner Konfliktl\u00f6sung sein und bleiben.\u201c<\/p><cite><em>Rosa Luxemburg<\/em><\/cite><\/blockquote>\n\n\n\n<p>Seit zehn Tagen haben wir knappe 2.000 Kilometer von uns entfernt einen mit unvorstellbarer H\u00e4rte gef\u00fchrten Krieg in Europa.<\/p>\n\n\n\n<!--more-->\n\n\n\n<p>Les images de personnes apeur\u00e9es qui fuient, de m\u00e8res et d\u2019enfants qui vivent depuis des jours entass\u00e9s dans des caves ; la d\u00e9tresse ; des situations sanitaires indescriptibles ; la mis\u00e8re ; les destructions massives de cibles civiles comme des maisons, des \u00e9coles et des h\u00f4pitaux ; dans la ville portuaire de Marioupol, l\u2019approvisionnement en eau et en \u00e9lectricit\u00e9 s\u2019est effondr\u00e9 ; les d\u00e9clarations du maire de Cherson qui d\u00e9crit, compl\u00e8tement abattu, qu\u2019il est difficile de r\u00e9cup\u00e9rer et d\u2019enterrer les morts dans les d\u00e9combres, qui supplie les troupes russes de ne pas tirer sur les civils, tout cela est insupportable.<\/p>\n\n\n\n<p>Kriege gibt es noch anderswo, in Syrien, im Jemen \u2026 \u2013 mit der Ukraine steht der Krieg jetzt direkt vor unserer Haust\u00fcr, wir erleben ihn per Livestream rund um die Uhr.<\/p>\n\n\n\n<p>Unsere Botschaft hier muss sein: Krieg egal wo, ist immer ein abscheuliches Verbrechen an der Menschlichkeit.<\/p>\n\n\n\n<p>Wir als luxemburgische Zivilgesellschaft verurteilen aufs Sch\u00e4rfste den v\u00f6lkerrechtswidrigen milit\u00e4rischen \u00dcberfall Putin-Russlands auf die Ukraine. Nichts, rein gar nichts rechtfertigt diesen Krieg in Europa.<\/p>\n\n\n\n<p>Ich finde es unertr\u00e4glich, dass jetzt so mancher glaubt, den alten Clausewitz hervorkramen zu m\u00fcssen und zu sagen, der postulierte \u201eKrieg ist nur eine Erweiterung der Politik mit anderen Mitteln\u201c, oder mit einem Brustton der \u00dcberzeugung das lateinische Sprichwort formuliert: \u201eWenn du Frieden willst, bereite Krieg vor.\u201c<\/p>\n\n\n\n<p>Nein und nochmals Nein muss die Antwort friedensbewegter Menschen sein. Haben wir als Menschheit nichts hinzugelernt? Hat Europa mit seinen zwei Weltkriegen und Millionen von Toten nichts hinzugelernt?<\/p>\n\n\n\n<p>Diplomatie und zivile Konfliktbearbeitung haben immer Vorrang.<\/p>\n\n\n\n<p>Wenn du Frieden willst, bereite den Frieden vor.<\/p>\n\n\n\n<p>Il est de plus en plus \u00e9vident qu\u2019en raison de la r\u00e9sistance h\u00e9ro\u00efque de la population ukrainienne, sa \u00ab guerre \u00e9clair \u00bb a \u00e9chou\u00e9. Poutine emprunte d\u00e9sormais une voie encore plus brutale, comme en Tch\u00e9tch\u00e9nie, la voie de la destruction totale. Son chien de sang local de Grozny exige de Poutine encore plus de fermet\u00e9 dans cette guerre insens\u00e9e. Des rapports de plus en plus nombreux indiquent que des sbires tch\u00e9tch\u00e8nes brutaux, des bandes d\u2019assassins, s\u00e9vissent dans la guerre en Ukraine. Il y a quelques heures, le pr\u00e9sident fran\u00e7ais a d\u00e9clar\u00e9 qu\u2019il craignait que le pire soit encore \u00e0 venir. Quelle horreur !<\/p>\n\n\n\n<p>Les Nations unies pr\u00e9voient l\u2019arriv\u00e9e de millions de r\u00e9fugi\u00e9s. De plus en plus de rapports indiquent que tous ne peuvent pas fuir de la m\u00eame mani\u00e8re. Des images et des rapports sur le racisme montrent que les personnes d\u2019une autre couleur de peau qui fuient la guerre en Ukraine sont discrimin\u00e9es et se voient refuser l\u2019acc\u00e8s aux bus et aux trains. Il doit \u00eatre clair et net : toutes les personnes vivant en Ukraine ont le droit d\u2019\u00eatre aid\u00e9es et soutenues.<\/p>\n\n\n\n<p>Die EU muss garantieren, dass alle Menschen, die aus der Ukraine fliehen, unabh\u00e4ngig von ihrer Nationalit\u00e4t und ihrem Status, unb\u00fcrokratisch aufgenommen und umfassend gesch\u00fctzt werden. Jegliche Diskriminierung auf beiden Seiten der Grenzen muss entschieden verurteilt werden.<\/p>\n\n\n\n<p>Le racisme ne doit avoir sa place nulle part.<\/p>\n\n\n\n<p>Notre message aujourd\u2019hui doit aussi \u00eatre celui-ci : au Luxembourg, nous sommes pr\u00eats \u00e0 accueillir ces personnes \u00e0 bras ouverts.<\/p>\n\n\n\n<p>Unsere ganze Solidarit\u00e4t gilt dem ukrainischen Volk. Unsere Solidarit\u00e4t gilt allen Menschen, die unter diesem Krieg leiden und den Frieden wollen.<\/p>\n\n\n\n<p>Es kam einem nicht in den dunkelsten Tr\u00e4umen in den Sinn: Mit Putins Ank\u00fcndigung, die Atomstreitkr\u00e4fte in erh\u00f6hte Alarmbereitschaft zu setzen, ging der Autokrat noch einen unfassbaren Schritt weiter. Diese gef\u00e4hrliche Praxis der nuklearen Abschreckung f\u00fchrt in einer angespannten Lage wie dem Ukrainekrieg in eine Eskalationsspirale, die in einem Atomkrieg enden kann. Das macht die ohnehin sehr gef\u00e4hrliche Situation zu einer existenziellen Bedrohung. Bei einer atomaren Auseinandersetzung kann niemand mehr Hilfe leisten. Dann ist es vorbei.<\/p>\n\n\n\n<p>L\u2019Agence internationale de l\u2019\u00e9nergie atomique a par ailleurs lanc\u00e9 un avertissement : la guerre d\u2019agression conventionnelle men\u00e9e par la Russie cause plus que suffisamment de souffrances, mais un accident nucl\u00e9aire majeur dans une centrale nucl\u00e9aire ukrainienne serait une nouvelle dimension de folie totalement in\u00e9dite. Hier matin, on a appris que la plus grande centrale nucl\u00e9aire d\u2019Europe, \u00e0 Zaporizhzhya, \u00e9tait en feu \u00e0 la suite d\u2019un bombardement russe. Les experts ont parl\u00e9 d\u2019une situation dangereuse. Apparemment, les troupes de Poutine avancent vers d\u2019autres centrales nucl\u00e9aires.<\/p>\n\n\n\n<p>Schluss mit diesen perversen Gedankenspielen! Atombomben und all das atomare Zeugs geh\u00f6ren auf die Schrotthalde der Geschichte.<\/p>\n\n\n\n<p>Apropos pervers: Die russische Kriegsf\u00fchrung wird immer grausamer. Um Widerstand zu brechen, wird bei Luftangriffen Streumunition eingesetzt. Dies ist eine Bombe, die \u00fcber ihr Ziel hinaus hunderte von Splitter in gro\u00dfer Reichweite verstreut und zu einem schnellen Tod f\u00fchrt.<\/p>\n\n\n\n<p>Eindeutig bewiesen ist der Einsatz von sogenannten Vakuumbomben nicht, aber bewiesen ist, dass die russischen Invasoren Abschussrampen f\u00fcr diese abscheulichen Bomben bereitstehen haben. Eine solche Bombe bewirkt das Platzen der Lungen. Es gibt keine \u00dcberlebenschance. Der Einsatz solcher Waffen ist ein flagranter Versto\u00df gegen das humanit\u00e4re V\u00f6lkerrecht.<\/p>\n\n\n\n<p>Und nun soll mir kein ordensdekorierter russischer General kommen und erkl\u00e4ren, diese Waffen w\u00fcrden nur gegen K\u00e4mpfer eingesetzt. Dies ist schon pervers genug, aber diese Waffen treffen unweigerlich die zivile Bev\u00f6lkerung \u2013 dies ist ein Kriegsverbrechen.<\/p>\n\n\n\n<p>Le comble de la perversion est que, ces derni\u00e8res heures, le cours des actions de l\u2019industrie de l\u2019armement monte en fl\u00e8che. Dans quel monde vivons-nous pour que de telles choses, s\u2019enrichir de la souffrance d\u2019autres personnes, soient possibles ? Quelle morale avons-nous en tant que soci\u00e9t\u00e9 pour accepter cela presque sto\u00efquement ?<\/p>\n\n\n\n<p>Il n\u2019y a toujours qu\u2019un seul gagnant dans une guerre : l\u2019industrie de l\u2019armement. C\u2019est inacceptable, c\u2019est d\u00e9go\u00fbtant.<\/p>\n\n\n\n<p>Wir begr\u00fc\u00dfen ausdr\u00fccklich, dass der Internationale Strafgerichtshof in Den Haag angek\u00fcndigt hat, dass eine Untersuchung wegen m\u00f6glicher Kriegsverbrechen oder Verbrechen gegen die Menschlichkeit in der Ukraine eingeleitet wird. F\u00fcr den Gerichtshof gibt es Gr\u00fcnde f\u00fcr diese Untersuchung, die sich auf eine Voruntersuchung zur Krim und zum Donbass sowie auf die aktuellen Ereignisse in der Ukraine st\u00fctzen. Verbrechen d\u00fcrfen nicht straffrei bleiben.<\/p>\n\n\n\n<p>Putin, du f\u00fchrst hier keinen Kampf der Eurasier gegen die Atlantiker. Du f\u00fchrst einen dreckigen Krieg eines imperialistischen machtgeilen Despoten, es ist ein Krieg gegen das Selbstbestimmungsrecht des ukrainischen Volkes. Ein Volk \u2013 und dies sei klar formuliert \u2013 , das das Recht hat, sich zu verteidigen.<\/p>\n\n\n\n<p>Und Putin, dein Angriff ist auch ein Angriff auf das demokratische System. Du hast Angst, dass dein Oligarchen-Kartenhaus, dein Putin-System weggefegt wird, wenn ein Pfl\u00e4nzchen namens Demokratie in dein korruptes System eindringt. Du f\u00fchrst auch einen Krieg gegen das eigene Volk, in dem du kritische Stimmen und Friedensdemonstranten niederpr\u00fcgelst und wegsperrst.<\/p>\n\n\n\n<p>Putin, die Asche lodert noch, die Kernideen der Glasnost und der Perestroika kommen heute vielen Russen in Erinnerung. Ein L\u00fcftchen von Demokratie k\u00f6nnte das Feuer wieder entfachen. Und eins noch f\u00fcr deine Notizen: Autokraten und Despoten verlieren immer, auch wenn es leider manchmal zu lange dauert, aber sie verlieren immer.<\/p>\n\n\n\n<p>Nous demandons ici, depuis la place Clairefontaine :<\/p>\n\n\n\n<ul><li>De mettre fin \u00e0 la fi\u00e8vre guerri\u00e8re \u2013 maintenant !<\/li><li>De mettre fin \u00e0 toutes les op\u00e9rations de guerre en Ukraine \u2013 maintenant !<\/li><li>Faites taire les armes \u2013 maintenant !<\/li><li>Que les troupes de Poutine quittent l\u2019Ukraine \u2013 maintenant !<\/li><li>Ouvrez la porte au droit international, au dialogue et \u00e0 la diplomatie \u2013 maintenant !<\/li><\/ul>\n\n\n\n<p>Der Generalsekret\u00e4r der Vereinten Nationen hat durch eine \u00fcberw\u00e4ltigende Mehrheit bei der Zustimmung der rezenten UN-Resolution gegen den Krieg in der Ukraine ein starkes Mandat erhalten. Obwohl diese Resolution v\u00f6lkerrechtlich nicht bindend ist, dr\u00fcckt sie dennoch unmissverst\u00e4ndlich die Gef\u00fchlslage der Weltgemeinschaft aus. Nur f\u00fcnf Staaten erdreisteten sich, gegen den sofortigen Abzug der russischen Truppen zu stimmen: Russland, Belarus, Syrien, Nordkorea und Eritrea. Welch eine Tafelrunde!<\/p>\n\n\n\n<p>Nous appelons solennellement Ant\u00f3nio Guterres \u00e0 lancer, sous sa direction et avec la participation de l\u2019Organisation pour la s\u00e9curit\u00e9 et la coop\u00e9ration en Europe (OSCE), des n\u00e9gociations de paix.<\/p>\n\n\n\n<p>Wir k\u00f6nnen Sicherheit doch nicht durch noch mehr Tote und massive Aufr\u00fcstung erreichen. Mehr Bomben, mehr Panzer, mehr Truppen werden zu keiner dauerhaften L\u00f6sung f\u00fchren. Sicherheit gibt es nur miteinander, nie gegeneinander. Miteinander reden muss doch besser sein, als aufeinander zu schie\u00dfen. Nein! Wir wollen nicht zur\u00fcck in diese Logik von endloser Aufr\u00fcstung, von atomaren Erst- und Zweitschl\u00e4gen und permanenten Spannungen. Wir haben dies satt.<\/p>\n\n\n\n<p>J\u2019avoue honn\u00eatement qu\u2019il m\u2019est difficile de plaider en faveur du d\u00e9sarmement et du contr\u00f4le des armements en raison des terribles images d\u2019Ukraine, et qu\u2019il ne faut pas s\u2019attendre \u00e0 de nombreux applaudissements.<\/p>\n\n\n\n<p>Mais nous devons penser \u00e0 l\u2019apr\u00e8s-guerre, \u00e0 l\u2019apr\u00e8s-Poutine. Pour cela, nous n\u2019avons pas besoin d\u2019armes, mais d\u2019une strat\u00e9gie capable d\u2019instaurer durablement la paix et la confiance en Europe. Nous devons construire ensemble cette nouvelle architecture de s\u00e9curit\u00e9 europ\u00e9enne. Nous devons briser la spirale de l\u2019escalade. C\u2019est notre devoir \u00e0 tous.<\/p>\n\n\n\n<p>Carl von Ossietzky, sah schon 1921 klarsichtig: \u201eEs haben viele Nationen miteinander gek\u00e4mpft, aber geflossen ist nur einerlei Blut: das Blut der B\u00fcrger Europas.\u201c Damit muss Schluss sein.<br>Ich lege jedem, besonders den politisch Verantwortlichen, ans Herz, die Rede Willy Brandts anl\u00e4sslich seiner Verleihung des Friedensnobelpreises aus dem Jahre 1971 zu lesen. Mich \u00fcberkommt das Gef\u00fchl, wir m\u00fcssten heute mehr Willy Brandt \u2013 statt einen sinnlosen Krieg \u2013 wagen.<\/p>\n\n\n\n<p>In seinem Sinne m\u00fcssen wir als Zivilgesellschaft unsere Kontakte in der Ukraine verst\u00e4rken, um zu helfen, wo wir helfen k\u00f6nnen. Sie hat unsere uneingeschr\u00e4nkte Solidarit\u00e4t.<\/p>\n\n\n\n<p>Nous devons utiliser nos contacts dans la soci\u00e9t\u00e9 civile en Russie pour faire savoir que nous savons parfaitement que la Russie de Poutine n\u2019est pas le peuple russe. Solidarit\u00e9 \u00e9galement avec la population civile russe qui, dans ce syst\u00e8me r\u00e9pressif, manifeste ouvertement pour la paix et fait ainsi comprendre qu\u2019elle aussi peut devenir une cl\u00e9 de la r\u00e9solution de cette guerre.<\/p>\n\n\n\n<p>Der gro\u00dfe Jean Jaur\u00e8s formulierte: \u201eNicht der Krieg ist revolution\u00e4r, der Friede ist revolution\u00e4r.\u201c<br>In diesem Sinne:<\/p>\n\n\n\n<p>Ja zur Verst\u00e4ndigung unter den V\u00f6lkern!<\/p>\n\n\n\n<p>Nein zum Krieg!<\/p>\n","protected":false},"excerpt":{"rendered":"<p>Seit zehn Tagen haben wir knappe 2.000 Kilometer von uns entfernt einen mit unvorstellbarer H\u00e4rte gef\u00fchrten Krieg in Europa.<\/p>\n","protected":false},"author":5,"featured_media":2184,"comment_status":"closed","ping_status":"open","sticky":false,"template":"","format":"standard","meta":{"_et_pb_use_builder":"off","_et_pb_old_content":"","_et_gb_content_width":""},"categories":[1],"tags":[45],"yoast_head":"<!-- This site is optimized with the Yoast SEO plugin v19.10 - https:\/\/yoast.com\/wordpress\/plugins\/seo\/ -->\n<title>Stoppt de Krich! - d\u00e9i gr\u00e9ng Eechternoach<\/title>\n<meta name=\"description\" content=\"Seit zehn Tagen haben wir knappe 2.000 Kilometer von uns entfernt einen mit unvorstellbarer H\u00e4rte gef\u00fchrten Krieg in Europa.\" \/>\n<meta name=\"robots\" content=\"index, follow, max-snippet:-1, max-image-preview:large, max-video-preview:-1\" \/>\n<link rel=\"canonical\" href=\"http:\/\/grengechternach.lu\/wordpress\/2022\/03\/stoppt-de-krich\/\" \/>\n<meta property=\"og:locale\" content=\"de_DE\" \/>\n<meta property=\"og:type\" content=\"article\" \/>\n<meta property=\"og:title\" content=\"Stoppt de Krich! - d\u00e9i gr\u00e9ng Eechternoach\" \/>\n<meta property=\"og:description\" content=\"Seit zehn Tagen haben wir knappe 2.000 Kilometer von uns entfernt einen mit unvorstellbarer H\u00e4rte gef\u00fchrten Krieg in Europa.\" \/>\n<meta property=\"og:url\" content=\"http:\/\/grengechternach.lu\/wordpress\/2022\/03\/stoppt-de-krich\/\" \/>\n<meta property=\"og:site_name\" content=\"d\u00e9i gr\u00e9ng Eechternoach\" \/>\n<meta property=\"article:publisher\" content=\"https:\/\/www.facebook.com\/grengechternach\/\" \/>\n<meta property=\"article:published_time\" content=\"2022-03-05T14:00:00+00:00\" \/>\n<meta property=\"article:modified_time\" content=\"2022-03-08T14:44:37+00:00\" \/>\n<meta property=\"og:image\" content=\"http:\/\/grengechternach.lu\/wordpress\/wp-content\/uploads\/2022\/03\/FPL_AntiKrichDemo_2203023_Cover_All-Info-scaled.jpeg\" \/>\n\t<meta property=\"og:image:width\" content=\"2560\" \/>\n\t<meta property=\"og:image:height\" content=\"1124\" \/>\n\t<meta property=\"og:image:type\" content=\"image\/jpeg\" \/>\n<meta name=\"author\" content=\"PhotovoltaiK\" \/>\n<meta name=\"twitter:card\" content=\"summary_large_image\" \/>\n<meta name=\"twitter:label1\" content=\"Verfasst von\" \/>\n\t<meta name=\"twitter:data1\" content=\"PhotovoltaiK\" \/>\n\t<meta name=\"twitter:label2\" content=\"Gesch\u00e4tzte Lesezeit\" \/>\n\t<meta name=\"twitter:data2\" content=\"10\u00a0Minuten\" \/>\n<script type=\"application\/ld+json\" class=\"yoast-schema-graph\">{\"@context\":\"https:\/\/schema.org\",\"@graph\":[{\"@type\":\"Article\",\"@id\":\"http:\/\/grengechternach.lu\/wordpress\/2022\/03\/stoppt-de-krich\/#article\",\"isPartOf\":{\"@id\":\"http:\/\/grengechternach.lu\/wordpress\/2022\/03\/stoppt-de-krich\/\"},\"author\":{\"name\":\"PhotovoltaiK\",\"@id\":\"http:\/\/grengechternach.lu\/wordpress\/#\/schema\/person\/d85d66f678213cef04674b8062622de8\"},\"headline\":\"Stoppt de Krich!\",\"datePublished\":\"2022-03-05T14:00:00+00:00\",\"dateModified\":\"2022-03-08T14:44:37+00:00\",\"mainEntityOfPage\":{\"@id\":\"http:\/\/grengechternach.lu\/wordpress\/2022\/03\/stoppt-de-krich\/\"},\"wordCount\":1811,\"publisher\":{\"@id\":\"http:\/\/grengechternach.lu\/wordpress\/#organization\"},\"keywords\":[\"Krich\"],\"inLanguage\":\"de\"},{\"@type\":\"WebPage\",\"@id\":\"http:\/\/grengechternach.lu\/wordpress\/2022\/03\/stoppt-de-krich\/\",\"url\":\"http:\/\/grengechternach.lu\/wordpress\/2022\/03\/stoppt-de-krich\/\",\"name\":\"Stoppt de Krich! - d\u00e9i gr\u00e9ng Eechternoach\",\"isPartOf\":{\"@id\":\"http:\/\/grengechternach.lu\/wordpress\/#website\"},\"datePublished\":\"2022-03-05T14:00:00+00:00\",\"dateModified\":\"2022-03-08T14:44:37+00:00\",\"description\":\"Seit zehn Tagen haben wir knappe 2.000 Kilometer von uns entfernt einen mit unvorstellbarer H\u00e4rte gef\u00fchrten Krieg in Europa.\",\"breadcrumb\":{\"@id\":\"http:\/\/grengechternach.lu\/wordpress\/2022\/03\/stoppt-de-krich\/#breadcrumb\"},\"inLanguage\":\"de\",\"potentialAction\":[{\"@type\":\"ReadAction\",\"target\":[\"http:\/\/grengechternach.lu\/wordpress\/2022\/03\/stoppt-de-krich\/\"]}]},{\"@type\":\"BreadcrumbList\",\"@id\":\"http:\/\/grengechternach.lu\/wordpress\/2022\/03\/stoppt-de-krich\/#breadcrumb\",\"itemListElement\":[{\"@type\":\"ListItem\",\"position\":1,\"name\":\"Startseite\",\"item\":\"http:\/\/grengechternach.lu\/wordpress\/\"},{\"@type\":\"ListItem\",\"position\":2,\"name\":\"Stoppt de Krich!\"}]},{\"@type\":\"WebSite\",\"@id\":\"http:\/\/grengechternach.lu\/wordpress\/#website\",\"url\":\"http:\/\/grengechternach.lu\/wordpress\/\",\"name\":\"d\u00e9i gr\u00e9ng Eechternoach\",\"description\":\"\",\"publisher\":{\"@id\":\"http:\/\/grengechternach.lu\/wordpress\/#organization\"},\"potentialAction\":[{\"@type\":\"SearchAction\",\"target\":{\"@type\":\"EntryPoint\",\"urlTemplate\":\"http:\/\/grengechternach.lu\/wordpress\/?s={search_term_string}\"},\"query-input\":\"required name=search_term_string\"}],\"inLanguage\":\"de\"},{\"@type\":\"Organization\",\"@id\":\"http:\/\/grengechternach.lu\/wordpress\/#organization\",\"name\":\"d\u00e9i gr\u00e9ng Eechternoach\",\"url\":\"http:\/\/grengechternach.lu\/wordpress\/\",\"logo\":{\"@type\":\"ImageObject\",\"inLanguage\":\"de\",\"@id\":\"http:\/\/grengechternach.lu\/wordpress\/#\/schema\/logo\/image\/\",\"url\":\"http:\/\/grengechternach.lu\/wordpress\/wp-content\/uploads\/2017\/03\/greng-echternach-logo.png\",\"contentUrl\":\"http:\/\/grengechternach.lu\/wordpress\/wp-content\/uploads\/2017\/03\/greng-echternach-logo.png\",\"width\":151,\"height\":125,\"caption\":\"d\u00e9i gr\u00e9ng Eechternoach\"},\"image\":{\"@id\":\"http:\/\/grengechternach.lu\/wordpress\/#\/schema\/logo\/image\/\"},\"sameAs\":[\"https:\/\/www.instagram.com\/deigrengeechternoach\/\",\"https:\/\/www.facebook.com\/grengechternach\/\"]},{\"@type\":\"Person\",\"@id\":\"http:\/\/grengechternach.lu\/wordpress\/#\/schema\/person\/d85d66f678213cef04674b8062622de8\",\"name\":\"PhotovoltaiK\",\"image\":{\"@type\":\"ImageObject\",\"inLanguage\":\"de\",\"@id\":\"http:\/\/grengechternach.lu\/wordpress\/#\/schema\/person\/image\/\",\"url\":\"http:\/\/0.gravatar.com\/avatar\/cd9185ca89f7aaca9914bd4d4a295d46?s=96&d=mm&r=g\",\"contentUrl\":\"http:\/\/0.gravatar.com\/avatar\/cd9185ca89f7aaca9914bd4d4a295d46?s=96&d=mm&r=g\",\"caption\":\"PhotovoltaiK\"},\"sameAs\":[\"http:\/\/www.daisymupp.net\"],\"url\":\"http:\/\/grengechternach.lu\/wordpress\/author\/biogas\/\"}]}<\/script>\n<!-- \/ Yoast SEO plugin. -->","yoast_head_json":{"title":"Stoppt de Krich! - d\u00e9i gr\u00e9ng Eechternoach","description":"Seit zehn Tagen haben wir knappe 2.000 Kilometer von uns entfernt einen mit unvorstellbarer H\u00e4rte gef\u00fchrten Krieg in Europa.","robots":{"index":"index","follow":"follow","max-snippet":"max-snippet:-1","max-image-preview":"max-image-preview:large","max-video-preview":"max-video-preview:-1"},"canonical":"http:\/\/grengechternach.lu\/wordpress\/2022\/03\/stoppt-de-krich\/","og_locale":"de_DE","og_type":"article","og_title":"Stoppt de Krich! - d\u00e9i gr\u00e9ng Eechternoach","og_description":"Seit zehn Tagen haben wir knappe 2.000 Kilometer von uns entfernt einen mit unvorstellbarer H\u00e4rte gef\u00fchrten Krieg in Europa.","og_url":"http:\/\/grengechternach.lu\/wordpress\/2022\/03\/stoppt-de-krich\/","og_site_name":"d\u00e9i gr\u00e9ng Eechternoach","article_publisher":"https:\/\/www.facebook.com\/grengechternach\/","article_published_time":"2022-03-05T14:00:00+00:00","article_modified_time":"2022-03-08T14:44:37+00:00","og_image":[{"width":2560,"height":1124,"url":"http:\/\/grengechternach.lu\/wordpress\/wp-content\/uploads\/2022\/03\/FPL_AntiKrichDemo_2203023_Cover_All-Info-scaled.jpeg","type":"image\/jpeg"}],"author":"PhotovoltaiK","twitter_card":"summary_large_image","twitter_misc":{"Verfasst von":"PhotovoltaiK","Gesch\u00e4tzte Lesezeit":"10\u00a0Minuten"},"schema":{"@context":"https:\/\/schema.org","@graph":[{"@type":"Article","@id":"http:\/\/grengechternach.lu\/wordpress\/2022\/03\/stoppt-de-krich\/#article","isPartOf":{"@id":"http:\/\/grengechternach.lu\/wordpress\/2022\/03\/stoppt-de-krich\/"},"author":{"name":"PhotovoltaiK","@id":"http:\/\/grengechternach.lu\/wordpress\/#\/schema\/person\/d85d66f678213cef04674b8062622de8"},"headline":"Stoppt de Krich!","datePublished":"2022-03-05T14:00:00+00:00","dateModified":"2022-03-08T14:44:37+00:00","mainEntityOfPage":{"@id":"http:\/\/grengechternach.lu\/wordpress\/2022\/03\/stoppt-de-krich\/"},"wordCount":1811,"publisher":{"@id":"http:\/\/grengechternach.lu\/wordpress\/#organization"},"keywords":["Krich"],"inLanguage":"de"},{"@type":"WebPage","@id":"http:\/\/grengechternach.lu\/wordpress\/2022\/03\/stoppt-de-krich\/","url":"http:\/\/grengechternach.lu\/wordpress\/2022\/03\/stoppt-de-krich\/","name":"Stoppt de Krich! - d\u00e9i gr\u00e9ng Eechternoach","isPartOf":{"@id":"http:\/\/grengechternach.lu\/wordpress\/#website"},"datePublished":"2022-03-05T14:00:00+00:00","dateModified":"2022-03-08T14:44:37+00:00","description":"Seit zehn Tagen haben wir knappe 2.000 Kilometer von uns entfernt einen mit unvorstellbarer H\u00e4rte gef\u00fchrten Krieg in Europa.","breadcrumb":{"@id":"http:\/\/grengechternach.lu\/wordpress\/2022\/03\/stoppt-de-krich\/#breadcrumb"},"inLanguage":"de","potentialAction":[{"@type":"ReadAction","target":["http:\/\/grengechternach.lu\/wordpress\/2022\/03\/stoppt-de-krich\/"]}]},{"@type":"BreadcrumbList","@id":"http:\/\/grengechternach.lu\/wordpress\/2022\/03\/stoppt-de-krich\/#breadcrumb","itemListElement":[{"@type":"ListItem","position":1,"name":"Startseite","item":"http:\/\/grengechternach.lu\/wordpress\/"},{"@type":"ListItem","position":2,"name":"Stoppt de Krich!"}]},{"@type":"WebSite","@id":"http:\/\/grengechternach.lu\/wordpress\/#website","url":"http:\/\/grengechternach.lu\/wordpress\/","name":"d\u00e9i gr\u00e9ng Eechternoach","description":"","publisher":{"@id":"http:\/\/grengechternach.lu\/wordpress\/#organization"},"potentialAction":[{"@type":"SearchAction","target":{"@type":"EntryPoint","urlTemplate":"http:\/\/grengechternach.lu\/wordpress\/?s={search_term_string}"},"query-input":"required name=search_term_string"}],"inLanguage":"de"},{"@type":"Organization","@id":"http:\/\/grengechternach.lu\/wordpress\/#organization","name":"d\u00e9i gr\u00e9ng Eechternoach","url":"http:\/\/grengechternach.lu\/wordpress\/","logo":{"@type":"ImageObject","inLanguage":"de","@id":"http:\/\/grengechternach.lu\/wordpress\/#\/schema\/logo\/image\/","url":"http:\/\/grengechternach.lu\/wordpress\/wp-content\/uploads\/2017\/03\/greng-echternach-logo.png","contentUrl":"http:\/\/grengechternach.lu\/wordpress\/wp-content\/uploads\/2017\/03\/greng-echternach-logo.png","width":151,"height":125,"caption":"d\u00e9i gr\u00e9ng Eechternoach"},"image":{"@id":"http:\/\/grengechternach.lu\/wordpress\/#\/schema\/logo\/image\/"},"sameAs":["https:\/\/www.instagram.com\/deigrengeechternoach\/","https:\/\/www.facebook.com\/grengechternach\/"]},{"@type":"Person","@id":"http:\/\/grengechternach.lu\/wordpress\/#\/schema\/person\/d85d66f678213cef04674b8062622de8","name":"PhotovoltaiK","image":{"@type":"ImageObject","inLanguage":"de","@id":"http:\/\/grengechternach.lu\/wordpress\/#\/schema\/person\/image\/","url":"http:\/\/0.gravatar.com\/avatar\/cd9185ca89f7aaca9914bd4d4a295d46?s=96&d=mm&r=g","contentUrl":"http:\/\/0.gravatar.com\/avatar\/cd9185ca89f7aaca9914bd4d4a295d46?s=96&d=mm&r=g","caption":"PhotovoltaiK"},"sameAs":["http:\/\/www.daisymupp.net"],"url":"http:\/\/grengechternach.lu\/wordpress\/author\/biogas\/"}]}},"_links":{"self":[{"href":"http:\/\/grengechternach.lu\/wordpress\/wp-json\/wp\/v2\/posts\/2185"}],"collection":[{"href":"http:\/\/grengechternach.lu\/wordpress\/wp-json\/wp\/v2\/posts"}],"about":[{"href":"http:\/\/grengechternach.lu\/wordpress\/wp-json\/wp\/v2\/types\/post"}],"author":[{"embeddable":true,"href":"http:\/\/grengechternach.lu\/wordpress\/wp-json\/wp\/v2\/users\/5"}],"replies":[{"embeddable":true,"href":"http:\/\/grengechternach.lu\/wordpress\/wp-json\/wp\/v2\/comments?post=2185"}],"version-history":[{"count":1,"href":"http:\/\/grengechternach.lu\/wordpress\/wp-json\/wp\/v2\/posts\/2185\/revisions"}],"predecessor-version":[{"id":2186,"href":"http:\/\/grengechternach.lu\/wordpress\/wp-json\/wp\/v2\/posts\/2185\/revisions\/2186"}],"wp:featuredmedia":[{"embeddable":true,"href":"http:\/\/grengechternach.lu\/wordpress\/wp-json\/wp\/v2\/media\/2184"}],"wp:attachment":[{"href":"http:\/\/grengechternach.lu\/wordpress\/wp-json\/wp\/v2\/media?parent=2185"}],"wp:term":[{"taxonomy":"category","embeddable":true,"href":"http:\/\/grengechternach.lu\/wordpress\/wp-json\/wp\/v2\/categories?post=2185"},{"taxonomy":"post_tag","embeddable":true,"href":"http:\/\/grengechternach.lu\/wordpress\/wp-json\/wp\/v2\/tags?post=2185"}],"curies":[{"name":"wp","href":"https:\/\/api.w.org\/{rel}","templated":true}]}}