{"id":885,"date":"2011-12-15T18:00:24","date_gmt":"2011-12-15T17:00:24","guid":{"rendered":"http:\/\/grengechternach.lu\/wordpress\/?p=885"},"modified":"2017-03-02T21:21:11","modified_gmt":"2017-03-02T20:21:11","slug":"intervention-de-dei-greng","status":"publish","type":"post","link":"http:\/\/grengechternach.lu\/wordpress\/2011\/12\/intervention-de-dei-greng\/","title":{"rendered":"Intervention de &#8222;d\u00e9i gr\u00e9ng&#8220;"},"content":{"rendered":"<p>Conform\u00e9ment \u00e0 la loi communale en vigueur, la fraction \u00abd\u00e9i gr\u00e9ng\u00bb<br \/>\npropose pour la premi\u00e8re r\u00e9union du nouveau conseil communal de la Ville d\u2019Echternach en<br \/>\ndate du 19 d\u00e9cembre, de modifier le libell\u00e9 du point 2-116 \u00e0 l\u2019ordre du jour<\/p>\n<p><a href=\"http:\/\/grengechternach.lu\/wordpress\/wp-content\/uploads\/2012\/03\/Odj61201.pdf\" target=\"_blank\">lettre du 14.12.2011<\/a><\/p>\n<p><a href=\"http:\/\/grengechternach.lu\/wordpress\/wp-content\/uploads\/2012\/03\/Odj2116.pdf\" target=\"_blank\">lettre du 14.12.2011<\/a><\/p>\n","protected":false},"excerpt":{"rendered":"<p>Conform\u00e9ment \u00e0 la loi communale en vigueur, la fraction \u00abd\u00e9i gr\u00e9ng\u00bb propose pour la premi\u00e8re r\u00e9union du nouveau conseil communal de la Ville d\u2019Echternach en date du 19 d\u00e9cembre, de modifier le libell\u00e9 du point 2-116 \u00e0 l\u2019ordre du jour lettre du 14.12.2011 lettre du 14.12.2011<\/p>\n","protected":false},"author":4,"featured_media":0,"comment_status":"closed","ping_status":"closed","sticky":false,"template":"","format":"standard","meta":{"_et_pb_use_builder":"","_et_pb_old_content":"","_et_gb_content_width":""},"categories":[1,14,16],"tags":[],"yoast_head":"<!-- This site is optimized with the Yoast SEO plugin v19.10 - https:\/\/yoast.com\/wordpress\/plugins\/seo\/ -->\n<title>Intervention de &quot;d\u00e9i gr\u00e9ng&quot; - d\u00e9i gr\u00e9ng Eechternoach<\/title>\n<meta name=\"robots\" content=\"index, follow, max-snippet:-1, max-image-preview:large, max-video-preview:-1\" \/>\n<link rel=\"canonical\" href=\"http:\/\/grengechternach.lu\/wordpress\/2011\/12\/intervention-de-dei-greng\/\" \/>\n<meta property=\"og:locale\" content=\"de_DE\" \/>\n<meta property=\"og:type\" content=\"article\" \/>\n<meta property=\"og:title\" content=\"Intervention de &quot;d\u00e9i gr\u00e9ng&quot; - d\u00e9i gr\u00e9ng Eechternoach\" \/>\n<meta property=\"og:description\" content=\"Conform\u00e9ment \u00e0 la loi communale en vigueur, la fraction \u00abd\u00e9i gr\u00e9ng\u00bb propose pour la premi\u00e8re r\u00e9union du nouveau conseil communal de la Ville d\u2019Echternach en date du 19 d\u00e9cembre, de modifier le libell\u00e9 du point 2-116 \u00e0 l\u2019ordre du jour lettre du 14.12.2011 lettre du 14.12.2011\" \/>\n<meta property=\"og:url\" content=\"http:\/\/grengechternach.lu\/wordpress\/2011\/12\/intervention-de-dei-greng\/\" \/>\n<meta property=\"og:site_name\" content=\"d\u00e9i gr\u00e9ng Eechternoach\" \/>\n<meta property=\"article:publisher\" content=\"https:\/\/www.facebook.com\/grengechternach\/\" \/>\n<meta property=\"article:published_time\" content=\"2011-12-15T17:00:24+00:00\" \/>\n<meta property=\"article:modified_time\" content=\"2017-03-02T20:21:11+00:00\" \/>\n<meta name=\"author\" content=\"Gr\u00e9nge Stroum\" \/>\n<meta name=\"twitter:card\" content=\"summary_large_image\" \/>\n<meta name=\"twitter:label1\" content=\"Verfasst von\" \/>\n\t<meta name=\"twitter:data1\" content=\"Gr\u00e9nge Stroum\" \/>\n<script type=\"application\/ld+json\" class=\"yoast-schema-graph\">{\"@context\":\"https:\/\/schema.org\",\"@graph\":[{\"@type\":\"Article\",\"@id\":\"http:\/\/grengechternach.lu\/wordpress\/2011\/12\/intervention-de-dei-greng\/#article\",\"isPartOf\":{\"@id\":\"http:\/\/grengechternach.lu\/wordpress\/2011\/12\/intervention-de-dei-greng\/\"},\"author\":{\"name\":\"Gr\u00e9nge Stroum\",\"@id\":\"http:\/\/grengechternach.lu\/wordpress\/#\/schema\/person\/057906a8a8b64b66499ec8b666117173\"},\"headline\":\"Intervention de &#8222;d\u00e9i gr\u00e9ng&#8220;\",\"datePublished\":\"2011-12-15T17:00:24+00:00\",\"dateModified\":\"2017-03-02T20:21:11+00:00\",\"mainEntityOfPage\":{\"@id\":\"http:\/\/grengechternach.lu\/wordpress\/2011\/12\/intervention-de-dei-greng\/\"},\"wordCount\":55,\"publisher\":{\"@id\":\"http:\/\/grengechternach.lu\/wordpress\/#organization\"},\"articleSection\":{\"1\":\"Conseil communal\",\"2\":\"Eis Initiativen 2012-2016\"},\"inLanguage\":\"de\"},{\"@type\":\"WebPage\",\"@id\":\"http:\/\/grengechternach.lu\/wordpress\/2011\/12\/intervention-de-dei-greng\/\",\"url\":\"http:\/\/grengechternach.lu\/wordpress\/2011\/12\/intervention-de-dei-greng\/\",\"name\":\"Intervention de \\\"d\u00e9i gr\u00e9ng\\\" - d\u00e9i gr\u00e9ng Eechternoach\",\"isPartOf\":{\"@id\":\"http:\/\/grengechternach.lu\/wordpress\/#website\"},\"datePublished\":\"2011-12-15T17:00:24+00:00\",\"dateModified\":\"2017-03-02T20:21:11+00:00\",\"breadcrumb\":{\"@id\":\"http:\/\/grengechternach.lu\/wordpress\/2011\/12\/intervention-de-dei-greng\/#breadcrumb\"},\"inLanguage\":\"de\",\"potentialAction\":[{\"@type\":\"ReadAction\",\"target\":[\"http:\/\/grengechternach.lu\/wordpress\/2011\/12\/intervention-de-dei-greng\/\"]}]},{\"@type\":\"BreadcrumbList\",\"@id\":\"http:\/\/grengechternach.lu\/wordpress\/2011\/12\/intervention-de-dei-greng\/#breadcrumb\",\"itemListElement\":[{\"@type\":\"ListItem\",\"position\":1,\"name\":\"Startseite\",\"item\":\"http:\/\/grengechternach.lu\/wordpress\/\"},{\"@type\":\"ListItem\",\"position\":2,\"name\":\"Intervention de &#8222;d\u00e9i gr\u00e9ng&#8220;\"}]},{\"@type\":\"WebSite\",\"@id\":\"http:\/\/grengechternach.lu\/wordpress\/#website\",\"url\":\"http:\/\/grengechternach.lu\/wordpress\/\",\"name\":\"d\u00e9i gr\u00e9ng Eechternoach\",\"description\":\"\",\"publisher\":{\"@id\":\"http:\/\/grengechternach.lu\/wordpress\/#organization\"},\"potentialAction\":[{\"@type\":\"SearchAction\",\"target\":{\"@type\":\"EntryPoint\",\"urlTemplate\":\"http:\/\/grengechternach.lu\/wordpress\/?s={search_term_string}\"},\"query-input\":\"required name=search_term_string\"}],\"inLanguage\":\"de\"},{\"@type\":\"Organization\",\"@id\":\"http:\/\/grengechternach.lu\/wordpress\/#organization\",\"name\":\"d\u00e9i gr\u00e9ng Eechternoach\",\"url\":\"http:\/\/grengechternach.lu\/wordpress\/\",\"logo\":{\"@type\":\"ImageObject\",\"inLanguage\":\"de\",\"@id\":\"http:\/\/grengechternach.lu\/wordpress\/#\/schema\/logo\/image\/\",\"url\":\"http:\/\/grengechternach.lu\/wordpress\/wp-content\/uploads\/2017\/03\/greng-echternach-logo.png\",\"contentUrl\":\"http:\/\/grengechternach.lu\/wordpress\/wp-content\/uploads\/2017\/03\/greng-echternach-logo.png\",\"width\":151,\"height\":125,\"caption\":\"d\u00e9i gr\u00e9ng Eechternoach\"},\"image\":{\"@id\":\"http:\/\/grengechternach.lu\/wordpress\/#\/schema\/logo\/image\/\"},\"sameAs\":[\"https:\/\/www.instagram.com\/deigrengeechternoach\/\",\"https:\/\/www.facebook.com\/grengechternach\/\"]},{\"@type\":\"Person\",\"@id\":\"http:\/\/grengechternach.lu\/wordpress\/#\/schema\/person\/057906a8a8b64b66499ec8b666117173\",\"name\":\"Gr\u00e9nge Stroum\",\"image\":{\"@type\":\"ImageObject\",\"inLanguage\":\"de\",\"@id\":\"http:\/\/grengechternach.lu\/wordpress\/#\/schema\/person\/image\/\",\"url\":\"http:\/\/1.gravatar.com\/avatar\/aacacaf1a4f69f9e3fa573ef7d076075?s=96&d=mm&r=g\",\"contentUrl\":\"http:\/\/1.gravatar.com\/avatar\/aacacaf1a4f69f9e3fa573ef7d076075?s=96&d=mm&r=g\",\"caption\":\"Gr\u00e9nge Stroum\"},\"url\":\"http:\/\/grengechternach.lu\/wordpress\/author\/gerard\/\"}]}<\/script>\n<!-- \/ Yoast SEO plugin. -->","yoast_head_json":{"title":"Intervention de \"d\u00e9i gr\u00e9ng\" - d\u00e9i gr\u00e9ng Eechternoach","robots":{"index":"index","follow":"follow","max-snippet":"max-snippet:-1","max-image-preview":"max-image-preview:large","max-video-preview":"max-video-preview:-1"},"canonical":"http:\/\/grengechternach.lu\/wordpress\/2011\/12\/intervention-de-dei-greng\/","og_locale":"de_DE","og_type":"article","og_title":"Intervention de \"d\u00e9i gr\u00e9ng\" - d\u00e9i gr\u00e9ng Eechternoach","og_description":"Conform\u00e9ment \u00e0 la loi communale en vigueur, la fraction \u00abd\u00e9i gr\u00e9ng\u00bb propose pour la premi\u00e8re r\u00e9union du nouveau conseil communal de la Ville d\u2019Echternach en date du 19 d\u00e9cembre, de modifier le libell\u00e9 du point 2-116 \u00e0 l\u2019ordre du jour lettre du 14.12.2011 lettre du 14.12.2011","og_url":"http:\/\/grengechternach.lu\/wordpress\/2011\/12\/intervention-de-dei-greng\/","og_site_name":"d\u00e9i gr\u00e9ng Eechternoach","article_publisher":"https:\/\/www.facebook.com\/grengechternach\/","article_published_time":"2011-12-15T17:00:24+00:00","article_modified_time":"2017-03-02T20:21:11+00:00","author":"Gr\u00e9nge Stroum","twitter_card":"summary_large_image","twitter_misc":{"Verfasst von":"Gr\u00e9nge Stroum"},"schema":{"@context":"https:\/\/schema.org","@graph":[{"@type":"Article","@id":"http:\/\/grengechternach.lu\/wordpress\/2011\/12\/intervention-de-dei-greng\/#article","isPartOf":{"@id":"http:\/\/grengechternach.lu\/wordpress\/2011\/12\/intervention-de-dei-greng\/"},"author":{"name":"Gr\u00e9nge Stroum","@id":"http:\/\/grengechternach.lu\/wordpress\/#\/schema\/person\/057906a8a8b64b66499ec8b666117173"},"headline":"Intervention de &#8222;d\u00e9i gr\u00e9ng&#8220;","datePublished":"2011-12-15T17:00:24+00:00","dateModified":"2017-03-02T20:21:11+00:00","mainEntityOfPage":{"@id":"http:\/\/grengechternach.lu\/wordpress\/2011\/12\/intervention-de-dei-greng\/"},"wordCount":55,"publisher":{"@id":"http:\/\/grengechternach.lu\/wordpress\/#organization"},"articleSection":{"1":"Conseil communal","2":"Eis Initiativen 2012-2016"},"inLanguage":"de"},{"@type":"WebPage","@id":"http:\/\/grengechternach.lu\/wordpress\/2011\/12\/intervention-de-dei-greng\/","url":"http:\/\/grengechternach.lu\/wordpress\/2011\/12\/intervention-de-dei-greng\/","name":"Intervention de \"d\u00e9i gr\u00e9ng\" - d\u00e9i gr\u00e9ng Eechternoach","isPartOf":{"@id":"http:\/\/grengechternach.lu\/wordpress\/#website"},"datePublished":"2011-12-15T17:00:24+00:00","dateModified":"2017-03-02T20:21:11+00:00","breadcrumb":{"@id":"http:\/\/grengechternach.lu\/wordpress\/2011\/12\/intervention-de-dei-greng\/#breadcrumb"},"inLanguage":"de","potentialAction":[{"@type":"ReadAction","target":["http:\/\/grengechternach.lu\/wordpress\/2011\/12\/intervention-de-dei-greng\/"]}]},{"@type":"BreadcrumbList","@id":"http:\/\/grengechternach.lu\/wordpress\/2011\/12\/intervention-de-dei-greng\/#breadcrumb","itemListElement":[{"@type":"ListItem","position":1,"name":"Startseite","item":"http:\/\/grengechternach.lu\/wordpress\/"},{"@type":"ListItem","position":2,"name":"Intervention de &#8222;d\u00e9i gr\u00e9ng&#8220;"}]},{"@type":"WebSite","@id":"http:\/\/grengechternach.lu\/wordpress\/#website","url":"http:\/\/grengechternach.lu\/wordpress\/","name":"d\u00e9i gr\u00e9ng Eechternoach","description":"","publisher":{"@id":"http:\/\/grengechternach.lu\/wordpress\/#organization"},"potentialAction":[{"@type":"SearchAction","target":{"@type":"EntryPoint","urlTemplate":"http:\/\/grengechternach.lu\/wordpress\/?s={search_term_string}"},"query-input":"required name=search_term_string"}],"inLanguage":"de"},{"@type":"Organization","@id":"http:\/\/grengechternach.lu\/wordpress\/#organization","name":"d\u00e9i gr\u00e9ng Eechternoach","url":"http:\/\/grengechternach.lu\/wordpress\/","logo":{"@type":"ImageObject","inLanguage":"de","@id":"http:\/\/grengechternach.lu\/wordpress\/#\/schema\/logo\/image\/","url":"http:\/\/grengechternach.lu\/wordpress\/wp-content\/uploads\/2017\/03\/greng-echternach-logo.png","contentUrl":"http:\/\/grengechternach.lu\/wordpress\/wp-content\/uploads\/2017\/03\/greng-echternach-logo.png","width":151,"height":125,"caption":"d\u00e9i gr\u00e9ng Eechternoach"},"image":{"@id":"http:\/\/grengechternach.lu\/wordpress\/#\/schema\/logo\/image\/"},"sameAs":["https:\/\/www.instagram.com\/deigrengeechternoach\/","https:\/\/www.facebook.com\/grengechternach\/"]},{"@type":"Person","@id":"http:\/\/grengechternach.lu\/wordpress\/#\/schema\/person\/057906a8a8b64b66499ec8b666117173","name":"Gr\u00e9nge Stroum","image":{"@type":"ImageObject","inLanguage":"de","@id":"http:\/\/grengechternach.lu\/wordpress\/#\/schema\/person\/image\/","url":"http:\/\/1.gravatar.com\/avatar\/aacacaf1a4f69f9e3fa573ef7d076075?s=96&d=mm&r=g","contentUrl":"http:\/\/1.gravatar.com\/avatar\/aacacaf1a4f69f9e3fa573ef7d076075?s=96&d=mm&r=g","caption":"Gr\u00e9nge Stroum"},"url":"http:\/\/grengechternach.lu\/wordpress\/author\/gerard\/"}]}},"_links":{"self":[{"href":"http:\/\/grengechternach.lu\/wordpress\/wp-json\/wp\/v2\/posts\/885"}],"collection":[{"href":"http:\/\/grengechternach.lu\/wordpress\/wp-json\/wp\/v2\/posts"}],"about":[{"href":"http:\/\/grengechternach.lu\/wordpress\/wp-json\/wp\/v2\/types\/post"}],"author":[{"embeddable":true,"href":"http:\/\/grengechternach.lu\/wordpress\/wp-json\/wp\/v2\/users\/4"}],"replies":[{"embeddable":true,"href":"http:\/\/grengechternach.lu\/wordpress\/wp-json\/wp\/v2\/comments?post=885"}],"version-history":[{"count":8,"href":"http:\/\/grengechternach.lu\/wordpress\/wp-json\/wp\/v2\/posts\/885\/revisions"}],"predecessor-version":[{"id":912,"href":"http:\/\/grengechternach.lu\/wordpress\/wp-json\/wp\/v2\/posts\/885\/revisions\/912"}],"wp:attachment":[{"href":"http:\/\/grengechternach.lu\/wordpress\/wp-json\/wp\/v2\/media?parent=885"}],"wp:term":[{"taxonomy":"category","embeddable":true,"href":"http:\/\/grengechternach.lu\/wordpress\/wp-json\/wp\/v2\/categories?post=885"},{"taxonomy":"post_tag","embeddable":true,"href":"http:\/\/grengechternach.lu\/wordpress\/wp-json\/wp\/v2\/tags?post=885"}],"curies":[{"name":"wp","href":"https:\/\/api.w.org\/{rel}","templated":true}]}}