{"id":898,"date":"2012-03-02T17:25:11","date_gmt":"2012-03-02T16:25:11","guid":{"rendered":"http:\/\/grengechternach.lu\/wordpress\/?p=898"},"modified":"2017-03-02T21:20:30","modified_gmt":"2017-03-02T20:20:30","slug":"conseil-communal-du-5-mars-2012","status":"publish","type":"post","link":"http:\/\/grengechternach.lu\/wordpress\/2012\/03\/conseil-communal-du-5-mars-2012\/","title":{"rendered":"Conseil communal du 5 mars 2012"},"content":{"rendered":"<p>&nbsp;<\/p>\n<p><a href=\"http:\/\/grengechternach.lu\/wordpress\/wp-content\/uploads\/2012\/03\/QuestionDechargeMonsanto.pdf\" target=\"_blank\">D\u00e9charge Monsanto<\/a><\/p>\n<p><a href=\"http:\/\/grengechternach.lu\/wordpress\/wp-content\/uploads\/2012\/03\/QuestionAsyl.pdf\">Question Asyl<\/a><\/p>\n<p><a href=\"http:\/\/grengechternach.lu\/wordpress\/wp-content\/uploads\/2012\/03\/Odjreseauelectrique.pdf\" target=\"_blank\">R\u00e9seau electrique<\/a><\/p>\n<p><a href=\"http:\/\/grengechternach.lu\/wordpress\/wp-content\/uploads\/2012\/03\/RetraitR\u00e9seauOdj.pdf\" target=\"_blank\">Retrait R\u00e9seau<\/a><\/p>\n<p>&nbsp;<\/p>\n","protected":false},"excerpt":{"rendered":"<p>&nbsp; D\u00e9charge Monsanto Question Asyl R\u00e9seau electrique Retrait R\u00e9seau &nbsp;<\/p>\n","protected":false},"author":4,"featured_media":0,"comment_status":"closed","ping_status":"open","sticky":false,"template":"","format":"standard","meta":{"_et_pb_use_builder":"","_et_pb_old_content":"","_et_gb_content_width":""},"categories":[1,14,16],"tags":[],"yoast_head":"<!-- This site is optimized with the Yoast SEO plugin v19.10 - https:\/\/yoast.com\/wordpress\/plugins\/seo\/ -->\n<title>Conseil communal du 5 mars 2012 - d\u00e9i gr\u00e9ng Eechternoach<\/title>\n<meta name=\"robots\" content=\"index, follow, max-snippet:-1, max-image-preview:large, max-video-preview:-1\" \/>\n<link rel=\"canonical\" href=\"http:\/\/grengechternach.lu\/wordpress\/2012\/03\/conseil-communal-du-5-mars-2012\/\" \/>\n<meta property=\"og:locale\" content=\"de_DE\" \/>\n<meta property=\"og:type\" content=\"article\" \/>\n<meta property=\"og:title\" content=\"Conseil communal du 5 mars 2012 - d\u00e9i gr\u00e9ng Eechternoach\" \/>\n<meta property=\"og:description\" content=\"&nbsp; D\u00e9charge Monsanto Question Asyl R\u00e9seau electrique Retrait R\u00e9seau &nbsp;\" \/>\n<meta property=\"og:url\" content=\"http:\/\/grengechternach.lu\/wordpress\/2012\/03\/conseil-communal-du-5-mars-2012\/\" \/>\n<meta property=\"og:site_name\" content=\"d\u00e9i gr\u00e9ng Eechternoach\" \/>\n<meta property=\"article:publisher\" content=\"https:\/\/www.facebook.com\/grengechternach\/\" \/>\n<meta property=\"article:published_time\" content=\"2012-03-02T16:25:11+00:00\" \/>\n<meta property=\"article:modified_time\" content=\"2017-03-02T20:20:30+00:00\" \/>\n<meta name=\"author\" content=\"Gr\u00e9nge Stroum\" \/>\n<meta name=\"twitter:card\" content=\"summary_large_image\" \/>\n<meta name=\"twitter:label1\" content=\"Verfasst von\" \/>\n\t<meta name=\"twitter:data1\" content=\"Gr\u00e9nge Stroum\" \/>\n<script type=\"application\/ld+json\" class=\"yoast-schema-graph\">{\"@context\":\"https:\/\/schema.org\",\"@graph\":[{\"@type\":\"Article\",\"@id\":\"http:\/\/grengechternach.lu\/wordpress\/2012\/03\/conseil-communal-du-5-mars-2012\/#article\",\"isPartOf\":{\"@id\":\"http:\/\/grengechternach.lu\/wordpress\/2012\/03\/conseil-communal-du-5-mars-2012\/\"},\"author\":{\"name\":\"Gr\u00e9nge Stroum\",\"@id\":\"http:\/\/grengechternach.lu\/wordpress\/#\/schema\/person\/057906a8a8b64b66499ec8b666117173\"},\"headline\":\"Conseil communal du 5 mars 2012\",\"datePublished\":\"2012-03-02T16:25:11+00:00\",\"dateModified\":\"2017-03-02T20:20:30+00:00\",\"mainEntityOfPage\":{\"@id\":\"http:\/\/grengechternach.lu\/wordpress\/2012\/03\/conseil-communal-du-5-mars-2012\/\"},\"wordCount\":17,\"publisher\":{\"@id\":\"http:\/\/grengechternach.lu\/wordpress\/#organization\"},\"articleSection\":{\"1\":\"Conseil communal\",\"2\":\"Eis Initiativen 2012-2016\"},\"inLanguage\":\"de\"},{\"@type\":\"WebPage\",\"@id\":\"http:\/\/grengechternach.lu\/wordpress\/2012\/03\/conseil-communal-du-5-mars-2012\/\",\"url\":\"http:\/\/grengechternach.lu\/wordpress\/2012\/03\/conseil-communal-du-5-mars-2012\/\",\"name\":\"Conseil communal du 5 mars 2012 - d\u00e9i gr\u00e9ng Eechternoach\",\"isPartOf\":{\"@id\":\"http:\/\/grengechternach.lu\/wordpress\/#website\"},\"datePublished\":\"2012-03-02T16:25:11+00:00\",\"dateModified\":\"2017-03-02T20:20:30+00:00\",\"breadcrumb\":{\"@id\":\"http:\/\/grengechternach.lu\/wordpress\/2012\/03\/conseil-communal-du-5-mars-2012\/#breadcrumb\"},\"inLanguage\":\"de\",\"potentialAction\":[{\"@type\":\"ReadAction\",\"target\":[\"http:\/\/grengechternach.lu\/wordpress\/2012\/03\/conseil-communal-du-5-mars-2012\/\"]}]},{\"@type\":\"BreadcrumbList\",\"@id\":\"http:\/\/grengechternach.lu\/wordpress\/2012\/03\/conseil-communal-du-5-mars-2012\/#breadcrumb\",\"itemListElement\":[{\"@type\":\"ListItem\",\"position\":1,\"name\":\"Startseite\",\"item\":\"http:\/\/grengechternach.lu\/wordpress\/\"},{\"@type\":\"ListItem\",\"position\":2,\"name\":\"Conseil communal du 5 mars 2012\"}]},{\"@type\":\"WebSite\",\"@id\":\"http:\/\/grengechternach.lu\/wordpress\/#website\",\"url\":\"http:\/\/grengechternach.lu\/wordpress\/\",\"name\":\"d\u00e9i gr\u00e9ng Eechternoach\",\"description\":\"\",\"publisher\":{\"@id\":\"http:\/\/grengechternach.lu\/wordpress\/#organization\"},\"potentialAction\":[{\"@type\":\"SearchAction\",\"target\":{\"@type\":\"EntryPoint\",\"urlTemplate\":\"http:\/\/grengechternach.lu\/wordpress\/?s={search_term_string}\"},\"query-input\":\"required name=search_term_string\"}],\"inLanguage\":\"de\"},{\"@type\":\"Organization\",\"@id\":\"http:\/\/grengechternach.lu\/wordpress\/#organization\",\"name\":\"d\u00e9i gr\u00e9ng Eechternoach\",\"url\":\"http:\/\/grengechternach.lu\/wordpress\/\",\"logo\":{\"@type\":\"ImageObject\",\"inLanguage\":\"de\",\"@id\":\"http:\/\/grengechternach.lu\/wordpress\/#\/schema\/logo\/image\/\",\"url\":\"http:\/\/grengechternach.lu\/wordpress\/wp-content\/uploads\/2017\/03\/greng-echternach-logo.png\",\"contentUrl\":\"http:\/\/grengechternach.lu\/wordpress\/wp-content\/uploads\/2017\/03\/greng-echternach-logo.png\",\"width\":151,\"height\":125,\"caption\":\"d\u00e9i gr\u00e9ng Eechternoach\"},\"image\":{\"@id\":\"http:\/\/grengechternach.lu\/wordpress\/#\/schema\/logo\/image\/\"},\"sameAs\":[\"https:\/\/www.instagram.com\/deigrengeechternoach\/\",\"https:\/\/www.facebook.com\/grengechternach\/\"]},{\"@type\":\"Person\",\"@id\":\"http:\/\/grengechternach.lu\/wordpress\/#\/schema\/person\/057906a8a8b64b66499ec8b666117173\",\"name\":\"Gr\u00e9nge Stroum\",\"image\":{\"@type\":\"ImageObject\",\"inLanguage\":\"de\",\"@id\":\"http:\/\/grengechternach.lu\/wordpress\/#\/schema\/person\/image\/\",\"url\":\"http:\/\/1.gravatar.com\/avatar\/aacacaf1a4f69f9e3fa573ef7d076075?s=96&d=mm&r=g\",\"contentUrl\":\"http:\/\/1.gravatar.com\/avatar\/aacacaf1a4f69f9e3fa573ef7d076075?s=96&d=mm&r=g\",\"caption\":\"Gr\u00e9nge Stroum\"},\"url\":\"http:\/\/grengechternach.lu\/wordpress\/author\/gerard\/\"}]}<\/script>\n<!-- \/ Yoast SEO plugin. -->","yoast_head_json":{"title":"Conseil communal du 5 mars 2012 - d\u00e9i gr\u00e9ng Eechternoach","robots":{"index":"index","follow":"follow","max-snippet":"max-snippet:-1","max-image-preview":"max-image-preview:large","max-video-preview":"max-video-preview:-1"},"canonical":"http:\/\/grengechternach.lu\/wordpress\/2012\/03\/conseil-communal-du-5-mars-2012\/","og_locale":"de_DE","og_type":"article","og_title":"Conseil communal du 5 mars 2012 - d\u00e9i gr\u00e9ng Eechternoach","og_description":"&nbsp; D\u00e9charge Monsanto Question Asyl R\u00e9seau electrique Retrait R\u00e9seau &nbsp;","og_url":"http:\/\/grengechternach.lu\/wordpress\/2012\/03\/conseil-communal-du-5-mars-2012\/","og_site_name":"d\u00e9i gr\u00e9ng Eechternoach","article_publisher":"https:\/\/www.facebook.com\/grengechternach\/","article_published_time":"2012-03-02T16:25:11+00:00","article_modified_time":"2017-03-02T20:20:30+00:00","author":"Gr\u00e9nge Stroum","twitter_card":"summary_large_image","twitter_misc":{"Verfasst von":"Gr\u00e9nge Stroum"},"schema":{"@context":"https:\/\/schema.org","@graph":[{"@type":"Article","@id":"http:\/\/grengechternach.lu\/wordpress\/2012\/03\/conseil-communal-du-5-mars-2012\/#article","isPartOf":{"@id":"http:\/\/grengechternach.lu\/wordpress\/2012\/03\/conseil-communal-du-5-mars-2012\/"},"author":{"name":"Gr\u00e9nge Stroum","@id":"http:\/\/grengechternach.lu\/wordpress\/#\/schema\/person\/057906a8a8b64b66499ec8b666117173"},"headline":"Conseil communal du 5 mars 2012","datePublished":"2012-03-02T16:25:11+00:00","dateModified":"2017-03-02T20:20:30+00:00","mainEntityOfPage":{"@id":"http:\/\/grengechternach.lu\/wordpress\/2012\/03\/conseil-communal-du-5-mars-2012\/"},"wordCount":17,"publisher":{"@id":"http:\/\/grengechternach.lu\/wordpress\/#organization"},"articleSection":{"1":"Conseil communal","2":"Eis Initiativen 2012-2016"},"inLanguage":"de"},{"@type":"WebPage","@id":"http:\/\/grengechternach.lu\/wordpress\/2012\/03\/conseil-communal-du-5-mars-2012\/","url":"http:\/\/grengechternach.lu\/wordpress\/2012\/03\/conseil-communal-du-5-mars-2012\/","name":"Conseil communal du 5 mars 2012 - d\u00e9i gr\u00e9ng Eechternoach","isPartOf":{"@id":"http:\/\/grengechternach.lu\/wordpress\/#website"},"datePublished":"2012-03-02T16:25:11+00:00","dateModified":"2017-03-02T20:20:30+00:00","breadcrumb":{"@id":"http:\/\/grengechternach.lu\/wordpress\/2012\/03\/conseil-communal-du-5-mars-2012\/#breadcrumb"},"inLanguage":"de","potentialAction":[{"@type":"ReadAction","target":["http:\/\/grengechternach.lu\/wordpress\/2012\/03\/conseil-communal-du-5-mars-2012\/"]}]},{"@type":"BreadcrumbList","@id":"http:\/\/grengechternach.lu\/wordpress\/2012\/03\/conseil-communal-du-5-mars-2012\/#breadcrumb","itemListElement":[{"@type":"ListItem","position":1,"name":"Startseite","item":"http:\/\/grengechternach.lu\/wordpress\/"},{"@type":"ListItem","position":2,"name":"Conseil communal du 5 mars 2012"}]},{"@type":"WebSite","@id":"http:\/\/grengechternach.lu\/wordpress\/#website","url":"http:\/\/grengechternach.lu\/wordpress\/","name":"d\u00e9i gr\u00e9ng Eechternoach","description":"","publisher":{"@id":"http:\/\/grengechternach.lu\/wordpress\/#organization"},"potentialAction":[{"@type":"SearchAction","target":{"@type":"EntryPoint","urlTemplate":"http:\/\/grengechternach.lu\/wordpress\/?s={search_term_string}"},"query-input":"required name=search_term_string"}],"inLanguage":"de"},{"@type":"Organization","@id":"http:\/\/grengechternach.lu\/wordpress\/#organization","name":"d\u00e9i gr\u00e9ng Eechternoach","url":"http:\/\/grengechternach.lu\/wordpress\/","logo":{"@type":"ImageObject","inLanguage":"de","@id":"http:\/\/grengechternach.lu\/wordpress\/#\/schema\/logo\/image\/","url":"http:\/\/grengechternach.lu\/wordpress\/wp-content\/uploads\/2017\/03\/greng-echternach-logo.png","contentUrl":"http:\/\/grengechternach.lu\/wordpress\/wp-content\/uploads\/2017\/03\/greng-echternach-logo.png","width":151,"height":125,"caption":"d\u00e9i gr\u00e9ng Eechternoach"},"image":{"@id":"http:\/\/grengechternach.lu\/wordpress\/#\/schema\/logo\/image\/"},"sameAs":["https:\/\/www.instagram.com\/deigrengeechternoach\/","https:\/\/www.facebook.com\/grengechternach\/"]},{"@type":"Person","@id":"http:\/\/grengechternach.lu\/wordpress\/#\/schema\/person\/057906a8a8b64b66499ec8b666117173","name":"Gr\u00e9nge Stroum","image":{"@type":"ImageObject","inLanguage":"de","@id":"http:\/\/grengechternach.lu\/wordpress\/#\/schema\/person\/image\/","url":"http:\/\/1.gravatar.com\/avatar\/aacacaf1a4f69f9e3fa573ef7d076075?s=96&d=mm&r=g","contentUrl":"http:\/\/1.gravatar.com\/avatar\/aacacaf1a4f69f9e3fa573ef7d076075?s=96&d=mm&r=g","caption":"Gr\u00e9nge Stroum"},"url":"http:\/\/grengechternach.lu\/wordpress\/author\/gerard\/"}]}},"_links":{"self":[{"href":"http:\/\/grengechternach.lu\/wordpress\/wp-json\/wp\/v2\/posts\/898"}],"collection":[{"href":"http:\/\/grengechternach.lu\/wordpress\/wp-json\/wp\/v2\/posts"}],"about":[{"href":"http:\/\/grengechternach.lu\/wordpress\/wp-json\/wp\/v2\/types\/post"}],"author":[{"embeddable":true,"href":"http:\/\/grengechternach.lu\/wordpress\/wp-json\/wp\/v2\/users\/4"}],"replies":[{"embeddable":true,"href":"http:\/\/grengechternach.lu\/wordpress\/wp-json\/wp\/v2\/comments?post=898"}],"version-history":[{"count":8,"href":"http:\/\/grengechternach.lu\/wordpress\/wp-json\/wp\/v2\/posts\/898\/revisions"}],"predecessor-version":[{"id":911,"href":"http:\/\/grengechternach.lu\/wordpress\/wp-json\/wp\/v2\/posts\/898\/revisions\/911"}],"wp:attachment":[{"href":"http:\/\/grengechternach.lu\/wordpress\/wp-json\/wp\/v2\/media?parent=898"}],"wp:term":[{"taxonomy":"category","embeddable":true,"href":"http:\/\/grengechternach.lu\/wordpress\/wp-json\/wp\/v2\/categories?post=898"},{"taxonomy":"post_tag","embeddable":true,"href":"http:\/\/grengechternach.lu\/wordpress\/wp-json\/wp\/v2\/tags?post=898"}],"curies":[{"name":"wp","href":"https:\/\/api.w.org\/{rel}","templated":true}]}}