{"id":905,"date":"2012-01-06T17:00:31","date_gmt":"2012-01-06T16:00:31","guid":{"rendered":"http:\/\/grengechternach.lu\/wordpress\/?p=905"},"modified":"2017-03-02T21:21:04","modified_gmt":"2017-03-02T20:21:04","slug":"conseil-communal-du-9-janvier-2012","status":"publish","type":"post","link":"http:\/\/grengechternach.lu\/wordpress\/2012\/01\/conseil-communal-du-9-janvier-2012\/","title":{"rendered":"Conseil communal du 9 janvier 2012"},"content":{"rendered":"<div>\n<p>Conform\u00e9ment \u00e0 la loi communale  en vigueur, la fraction \u00abd\u00e9i gr\u00e9ng\u00bb propose pour la r\u00e9union du conseil  communal de la Ville d\u2019Echternach en date du 9 janvier, de modifier le  libell\u00e9 du point 1 \u00e0 l\u2019ordre du jour comme suit:<\/p>\n<p>1. Constitution des commissions obligatoires et consultatives<br \/>\nLe coll\u00e8ge des bourgmestre et \u00e9chevins propose la constitution des commissions obligatoires et consultatives suivantes:<br \/>\n\u00b7 Commission d\u2019int\u00e9gration (obligatoire).<br \/>\n\u00b7 Commission scolaire (obligatoire).<br \/>\n\u00b7 Conseil d\u2019Administration de l\u2019Hospice Civil (obligatoire).<br \/>\n\u00b7 Commission de surveillance de l\u2019Ecole de Musique (obligatoire).<br \/>\n\u00b7 Commission des b\u00e2tisses, de l\u2019am\u00e9nagement du territoire et du d\u00e9veloppement urbanistique.<br \/>\n\u00b7 Commission de la mobilit\u00e9.<br \/>\n\u00b7 Commission de la culture.<br \/>\n\u00b7 Commission du tourisme.<br \/>\n\u00b7 Commission du d\u00e9veloppement durable.<br \/>\n\u00b7 Commission des finances.<br \/>\n\u00b7 Commission de la communication.<br \/>\n\u00b7 Commission de la coh\u00e9sion sociale.<br \/>\n\u00b7 Commission de la jeunesse.<br \/>\n\u00b7 Commission S\u00e9curit\u00e9 et Pr\u00e9vention.<br \/>\n\u00b7 Commission des Sports.<\/p>\n<p>&nbsp;<\/p>\n<p><a href=\"..\/wp-content\/uploads\/2012\/03\/Odj1.pdf\">Lettre du 5.01.2012<\/a><\/p>\n<\/div>\n","protected":false},"excerpt":{"rendered":"<p>Conform\u00e9ment \u00e0 la loi communale en vigueur, la fraction \u00abd\u00e9i gr\u00e9ng\u00bb propose pour la r\u00e9union du conseil communal de la Ville d\u2019Echternach en date du 9 janvier, de modifier le libell\u00e9 du point 1 \u00e0 l\u2019ordre du jour comme suit: 1. Constitution des commissions obligatoires et consultatives Le coll\u00e8ge des bourgmestre et \u00e9chevins propose la [&hellip;]<\/p>\n","protected":false},"author":4,"featured_media":0,"comment_status":"closed","ping_status":"closed","sticky":false,"template":"","format":"standard","meta":{"_et_pb_use_builder":"","_et_pb_old_content":"","_et_gb_content_width":""},"categories":[1,14,16],"tags":[],"yoast_head":"<!-- This site is optimized with the Yoast SEO plugin v19.10 - https:\/\/yoast.com\/wordpress\/plugins\/seo\/ -->\n<title>Conseil communal du 9 janvier 2012 - d\u00e9i gr\u00e9ng Eechternoach<\/title>\n<meta name=\"robots\" content=\"index, follow, max-snippet:-1, max-image-preview:large, max-video-preview:-1\" \/>\n<link rel=\"canonical\" href=\"http:\/\/grengechternach.lu\/wordpress\/2012\/01\/conseil-communal-du-9-janvier-2012\/\" \/>\n<meta property=\"og:locale\" content=\"de_DE\" \/>\n<meta property=\"og:type\" content=\"article\" \/>\n<meta property=\"og:title\" content=\"Conseil communal du 9 janvier 2012 - d\u00e9i gr\u00e9ng Eechternoach\" \/>\n<meta property=\"og:description\" content=\"Conform\u00e9ment \u00e0 la loi communale en vigueur, la fraction \u00abd\u00e9i gr\u00e9ng\u00bb propose pour la r\u00e9union du conseil communal de la Ville d\u2019Echternach en date du 9 janvier, de modifier le libell\u00e9 du point 1 \u00e0 l\u2019ordre du jour comme suit: 1. Constitution des commissions obligatoires et consultatives Le coll\u00e8ge des bourgmestre et \u00e9chevins propose la [&hellip;]\" \/>\n<meta property=\"og:url\" content=\"http:\/\/grengechternach.lu\/wordpress\/2012\/01\/conseil-communal-du-9-janvier-2012\/\" \/>\n<meta property=\"og:site_name\" content=\"d\u00e9i gr\u00e9ng Eechternoach\" \/>\n<meta property=\"article:publisher\" content=\"https:\/\/www.facebook.com\/grengechternach\/\" \/>\n<meta property=\"article:published_time\" content=\"2012-01-06T16:00:31+00:00\" \/>\n<meta property=\"article:modified_time\" content=\"2017-03-02T20:21:04+00:00\" \/>\n<meta name=\"author\" content=\"Gr\u00e9nge Stroum\" \/>\n<meta name=\"twitter:card\" content=\"summary_large_image\" \/>\n<meta name=\"twitter:label1\" content=\"Verfasst von\" \/>\n\t<meta name=\"twitter:data1\" content=\"Gr\u00e9nge Stroum\" \/>\n\t<meta name=\"twitter:label2\" content=\"Gesch\u00e4tzte Lesezeit\" \/>\n\t<meta name=\"twitter:data2\" content=\"1\u00a0Minute\" \/>\n<script type=\"application\/ld+json\" class=\"yoast-schema-graph\">{\"@context\":\"https:\/\/schema.org\",\"@graph\":[{\"@type\":\"Article\",\"@id\":\"http:\/\/grengechternach.lu\/wordpress\/2012\/01\/conseil-communal-du-9-janvier-2012\/#article\",\"isPartOf\":{\"@id\":\"http:\/\/grengechternach.lu\/wordpress\/2012\/01\/conseil-communal-du-9-janvier-2012\/\"},\"author\":{\"name\":\"Gr\u00e9nge Stroum\",\"@id\":\"http:\/\/grengechternach.lu\/wordpress\/#\/schema\/person\/057906a8a8b64b66499ec8b666117173\"},\"headline\":\"Conseil communal du 9 janvier 2012\",\"datePublished\":\"2012-01-06T16:00:31+00:00\",\"dateModified\":\"2017-03-02T20:21:04+00:00\",\"mainEntityOfPage\":{\"@id\":\"http:\/\/grengechternach.lu\/wordpress\/2012\/01\/conseil-communal-du-9-janvier-2012\/\"},\"wordCount\":153,\"publisher\":{\"@id\":\"http:\/\/grengechternach.lu\/wordpress\/#organization\"},\"articleSection\":{\"1\":\"Conseil communal\",\"2\":\"Eis Initiativen 2012-2016\"},\"inLanguage\":\"de\"},{\"@type\":\"WebPage\",\"@id\":\"http:\/\/grengechternach.lu\/wordpress\/2012\/01\/conseil-communal-du-9-janvier-2012\/\",\"url\":\"http:\/\/grengechternach.lu\/wordpress\/2012\/01\/conseil-communal-du-9-janvier-2012\/\",\"name\":\"Conseil communal du 9 janvier 2012 - d\u00e9i gr\u00e9ng Eechternoach\",\"isPartOf\":{\"@id\":\"http:\/\/grengechternach.lu\/wordpress\/#website\"},\"datePublished\":\"2012-01-06T16:00:31+00:00\",\"dateModified\":\"2017-03-02T20:21:04+00:00\",\"breadcrumb\":{\"@id\":\"http:\/\/grengechternach.lu\/wordpress\/2012\/01\/conseil-communal-du-9-janvier-2012\/#breadcrumb\"},\"inLanguage\":\"de\",\"potentialAction\":[{\"@type\":\"ReadAction\",\"target\":[\"http:\/\/grengechternach.lu\/wordpress\/2012\/01\/conseil-communal-du-9-janvier-2012\/\"]}]},{\"@type\":\"BreadcrumbList\",\"@id\":\"http:\/\/grengechternach.lu\/wordpress\/2012\/01\/conseil-communal-du-9-janvier-2012\/#breadcrumb\",\"itemListElement\":[{\"@type\":\"ListItem\",\"position\":1,\"name\":\"Startseite\",\"item\":\"http:\/\/grengechternach.lu\/wordpress\/\"},{\"@type\":\"ListItem\",\"position\":2,\"name\":\"Conseil communal du 9 janvier 2012\"}]},{\"@type\":\"WebSite\",\"@id\":\"http:\/\/grengechternach.lu\/wordpress\/#website\",\"url\":\"http:\/\/grengechternach.lu\/wordpress\/\",\"name\":\"d\u00e9i gr\u00e9ng Eechternoach\",\"description\":\"\",\"publisher\":{\"@id\":\"http:\/\/grengechternach.lu\/wordpress\/#organization\"},\"potentialAction\":[{\"@type\":\"SearchAction\",\"target\":{\"@type\":\"EntryPoint\",\"urlTemplate\":\"http:\/\/grengechternach.lu\/wordpress\/?s={search_term_string}\"},\"query-input\":\"required name=search_term_string\"}],\"inLanguage\":\"de\"},{\"@type\":\"Organization\",\"@id\":\"http:\/\/grengechternach.lu\/wordpress\/#organization\",\"name\":\"d\u00e9i gr\u00e9ng Eechternoach\",\"url\":\"http:\/\/grengechternach.lu\/wordpress\/\",\"logo\":{\"@type\":\"ImageObject\",\"inLanguage\":\"de\",\"@id\":\"http:\/\/grengechternach.lu\/wordpress\/#\/schema\/logo\/image\/\",\"url\":\"http:\/\/grengechternach.lu\/wordpress\/wp-content\/uploads\/2017\/03\/greng-echternach-logo.png\",\"contentUrl\":\"http:\/\/grengechternach.lu\/wordpress\/wp-content\/uploads\/2017\/03\/greng-echternach-logo.png\",\"width\":151,\"height\":125,\"caption\":\"d\u00e9i gr\u00e9ng Eechternoach\"},\"image\":{\"@id\":\"http:\/\/grengechternach.lu\/wordpress\/#\/schema\/logo\/image\/\"},\"sameAs\":[\"https:\/\/www.instagram.com\/deigrengeechternoach\/\",\"https:\/\/www.facebook.com\/grengechternach\/\"]},{\"@type\":\"Person\",\"@id\":\"http:\/\/grengechternach.lu\/wordpress\/#\/schema\/person\/057906a8a8b64b66499ec8b666117173\",\"name\":\"Gr\u00e9nge Stroum\",\"image\":{\"@type\":\"ImageObject\",\"inLanguage\":\"de\",\"@id\":\"http:\/\/grengechternach.lu\/wordpress\/#\/schema\/person\/image\/\",\"url\":\"http:\/\/1.gravatar.com\/avatar\/aacacaf1a4f69f9e3fa573ef7d076075?s=96&d=mm&r=g\",\"contentUrl\":\"http:\/\/1.gravatar.com\/avatar\/aacacaf1a4f69f9e3fa573ef7d076075?s=96&d=mm&r=g\",\"caption\":\"Gr\u00e9nge Stroum\"},\"url\":\"http:\/\/grengechternach.lu\/wordpress\/author\/gerard\/\"}]}<\/script>\n<!-- \/ Yoast SEO plugin. -->","yoast_head_json":{"title":"Conseil communal du 9 janvier 2012 - d\u00e9i gr\u00e9ng Eechternoach","robots":{"index":"index","follow":"follow","max-snippet":"max-snippet:-1","max-image-preview":"max-image-preview:large","max-video-preview":"max-video-preview:-1"},"canonical":"http:\/\/grengechternach.lu\/wordpress\/2012\/01\/conseil-communal-du-9-janvier-2012\/","og_locale":"de_DE","og_type":"article","og_title":"Conseil communal du 9 janvier 2012 - d\u00e9i gr\u00e9ng Eechternoach","og_description":"Conform\u00e9ment \u00e0 la loi communale en vigueur, la fraction \u00abd\u00e9i gr\u00e9ng\u00bb propose pour la r\u00e9union du conseil communal de la Ville d\u2019Echternach en date du 9 janvier, de modifier le libell\u00e9 du point 1 \u00e0 l\u2019ordre du jour comme suit: 1. Constitution des commissions obligatoires et consultatives Le coll\u00e8ge des bourgmestre et \u00e9chevins propose la [&hellip;]","og_url":"http:\/\/grengechternach.lu\/wordpress\/2012\/01\/conseil-communal-du-9-janvier-2012\/","og_site_name":"d\u00e9i gr\u00e9ng Eechternoach","article_publisher":"https:\/\/www.facebook.com\/grengechternach\/","article_published_time":"2012-01-06T16:00:31+00:00","article_modified_time":"2017-03-02T20:21:04+00:00","author":"Gr\u00e9nge Stroum","twitter_card":"summary_large_image","twitter_misc":{"Verfasst von":"Gr\u00e9nge Stroum","Gesch\u00e4tzte Lesezeit":"1\u00a0Minute"},"schema":{"@context":"https:\/\/schema.org","@graph":[{"@type":"Article","@id":"http:\/\/grengechternach.lu\/wordpress\/2012\/01\/conseil-communal-du-9-janvier-2012\/#article","isPartOf":{"@id":"http:\/\/grengechternach.lu\/wordpress\/2012\/01\/conseil-communal-du-9-janvier-2012\/"},"author":{"name":"Gr\u00e9nge Stroum","@id":"http:\/\/grengechternach.lu\/wordpress\/#\/schema\/person\/057906a8a8b64b66499ec8b666117173"},"headline":"Conseil communal du 9 janvier 2012","datePublished":"2012-01-06T16:00:31+00:00","dateModified":"2017-03-02T20:21:04+00:00","mainEntityOfPage":{"@id":"http:\/\/grengechternach.lu\/wordpress\/2012\/01\/conseil-communal-du-9-janvier-2012\/"},"wordCount":153,"publisher":{"@id":"http:\/\/grengechternach.lu\/wordpress\/#organization"},"articleSection":{"1":"Conseil communal","2":"Eis Initiativen 2012-2016"},"inLanguage":"de"},{"@type":"WebPage","@id":"http:\/\/grengechternach.lu\/wordpress\/2012\/01\/conseil-communal-du-9-janvier-2012\/","url":"http:\/\/grengechternach.lu\/wordpress\/2012\/01\/conseil-communal-du-9-janvier-2012\/","name":"Conseil communal du 9 janvier 2012 - d\u00e9i gr\u00e9ng Eechternoach","isPartOf":{"@id":"http:\/\/grengechternach.lu\/wordpress\/#website"},"datePublished":"2012-01-06T16:00:31+00:00","dateModified":"2017-03-02T20:21:04+00:00","breadcrumb":{"@id":"http:\/\/grengechternach.lu\/wordpress\/2012\/01\/conseil-communal-du-9-janvier-2012\/#breadcrumb"},"inLanguage":"de","potentialAction":[{"@type":"ReadAction","target":["http:\/\/grengechternach.lu\/wordpress\/2012\/01\/conseil-communal-du-9-janvier-2012\/"]}]},{"@type":"BreadcrumbList","@id":"http:\/\/grengechternach.lu\/wordpress\/2012\/01\/conseil-communal-du-9-janvier-2012\/#breadcrumb","itemListElement":[{"@type":"ListItem","position":1,"name":"Startseite","item":"http:\/\/grengechternach.lu\/wordpress\/"},{"@type":"ListItem","position":2,"name":"Conseil communal du 9 janvier 2012"}]},{"@type":"WebSite","@id":"http:\/\/grengechternach.lu\/wordpress\/#website","url":"http:\/\/grengechternach.lu\/wordpress\/","name":"d\u00e9i gr\u00e9ng Eechternoach","description":"","publisher":{"@id":"http:\/\/grengechternach.lu\/wordpress\/#organization"},"potentialAction":[{"@type":"SearchAction","target":{"@type":"EntryPoint","urlTemplate":"http:\/\/grengechternach.lu\/wordpress\/?s={search_term_string}"},"query-input":"required name=search_term_string"}],"inLanguage":"de"},{"@type":"Organization","@id":"http:\/\/grengechternach.lu\/wordpress\/#organization","name":"d\u00e9i gr\u00e9ng Eechternoach","url":"http:\/\/grengechternach.lu\/wordpress\/","logo":{"@type":"ImageObject","inLanguage":"de","@id":"http:\/\/grengechternach.lu\/wordpress\/#\/schema\/logo\/image\/","url":"http:\/\/grengechternach.lu\/wordpress\/wp-content\/uploads\/2017\/03\/greng-echternach-logo.png","contentUrl":"http:\/\/grengechternach.lu\/wordpress\/wp-content\/uploads\/2017\/03\/greng-echternach-logo.png","width":151,"height":125,"caption":"d\u00e9i gr\u00e9ng Eechternoach"},"image":{"@id":"http:\/\/grengechternach.lu\/wordpress\/#\/schema\/logo\/image\/"},"sameAs":["https:\/\/www.instagram.com\/deigrengeechternoach\/","https:\/\/www.facebook.com\/grengechternach\/"]},{"@type":"Person","@id":"http:\/\/grengechternach.lu\/wordpress\/#\/schema\/person\/057906a8a8b64b66499ec8b666117173","name":"Gr\u00e9nge Stroum","image":{"@type":"ImageObject","inLanguage":"de","@id":"http:\/\/grengechternach.lu\/wordpress\/#\/schema\/person\/image\/","url":"http:\/\/1.gravatar.com\/avatar\/aacacaf1a4f69f9e3fa573ef7d076075?s=96&d=mm&r=g","contentUrl":"http:\/\/1.gravatar.com\/avatar\/aacacaf1a4f69f9e3fa573ef7d076075?s=96&d=mm&r=g","caption":"Gr\u00e9nge Stroum"},"url":"http:\/\/grengechternach.lu\/wordpress\/author\/gerard\/"}]}},"_links":{"self":[{"href":"http:\/\/grengechternach.lu\/wordpress\/wp-json\/wp\/v2\/posts\/905"}],"collection":[{"href":"http:\/\/grengechternach.lu\/wordpress\/wp-json\/wp\/v2\/posts"}],"about":[{"href":"http:\/\/grengechternach.lu\/wordpress\/wp-json\/wp\/v2\/types\/post"}],"author":[{"embeddable":true,"href":"http:\/\/grengechternach.lu\/wordpress\/wp-json\/wp\/v2\/users\/4"}],"replies":[{"embeddable":true,"href":"http:\/\/grengechternach.lu\/wordpress\/wp-json\/wp\/v2\/comments?post=905"}],"version-history":[{"count":4,"href":"http:\/\/grengechternach.lu\/wordpress\/wp-json\/wp\/v2\/posts\/905\/revisions"}],"predecessor-version":[{"id":914,"href":"http:\/\/grengechternach.lu\/wordpress\/wp-json\/wp\/v2\/posts\/905\/revisions\/914"}],"wp:attachment":[{"href":"http:\/\/grengechternach.lu\/wordpress\/wp-json\/wp\/v2\/media?parent=905"}],"wp:term":[{"taxonomy":"category","embeddable":true,"href":"http:\/\/grengechternach.lu\/wordpress\/wp-json\/wp\/v2\/categories?post=905"},{"taxonomy":"post_tag","embeddable":true,"href":"http:\/\/grengechternach.lu\/wordpress\/wp-json\/wp\/v2\/tags?post=905"}],"curies":[{"name":"wp","href":"https:\/\/api.w.org\/{rel}","templated":true}]}}