{"id":2070,"date":"2021-05-07T10:52:22","date_gmt":"2021-05-07T08:52:22","guid":{"rendered":"http:\/\/grengechternach.lu\/wordpress\/?p=2070"},"modified":"2021-05-07T11:05:35","modified_gmt":"2021-05-07T09:05:35","slug":"archaeologischen-fund-als-schatz-und-chance-begreifen","status":"publish","type":"post","link":"https:\/\/grengechternach.lu\/wordpress\/2021\/05\/archaeologischen-fund-als-schatz-und-chance-begreifen\/","title":{"rendered":"Arch\u00e4ologischen Fund als Schatz und Chance begreifen"},"content":{"rendered":"\n<p>Nachdem wir, d\u00e9i gr\u00e9ng Eechternoach, uns im Jahr 2017 erfreut gezeigt hatten, dass der Kauf der Immobilie gegl\u00fcckt war, nehmen wir die Entwicklung des Projektes \u201eMarquise\u201c seit einigen Jahren mit Skepsis zur Kenntnis. Insbesondere die mangelnde Einbindung des Projektes in den Kontext \u201eMoartplaz\u201c und die teure L\u00f6sung der Parkplatzproblematik durch eine 2-geschossige Tiefgarage f\u00fchrte zur Enthaltung bei der\u2006Abstimmung \u00fcber die nicht unerhebliche Budgeterh\u00f6hung im Jahr 2018.<\/p>\n\n\n\n<!--more-->\n\n\n\n<p>Zweieinhalb Jahre sp\u00e4ter sehen wir uns aufgrund der enorm wichtigen arch\u00e4ologischen Funde in der Pflicht, die Diskussion \u00fcber dieses Projekt neu anzuregen.<\/p>\n\n\n\n<ul><li>Wie bereits 2018 wollen wir eine qualitativ hochwertige L\u00f6sung f\u00fcr den Standort Marquise.<\/li><li>Das erneut eingebremste Projekt wird m\u00f6glicherweise in der geplanten Form nicht realisierbar sein, daher muss rechtzeitig \u00fcber Alternativen nachgedacht werden.<\/li><li>Die bestehenden Vertr\u00e4ge m\u00fcssen umgehend auf M\u00f6glichkeiten zur Aufl\u00f6sung \u00fcberpr\u00fcft und die eventuellen Kosten beziffert werden.<\/li><li>In enger Zusammenarbeit mit dem Kulturministerium muss schnellstm\u00f6glich ausgelotet werden, wie die entstehenden Verluste f\u00fcr die Stadt aufgefangen werden k\u00f6nnen und wie weit die Weiterentwicklung des Projektes von staatlicher Stelle gef\u00f6rdert werden kann.<\/li><li>Die voraussichtlich langj\u00e4hrige Ausgrabungsphase soll f\u00fcr einen Architektenwettbewerb zur Neugestaltung der Fl\u00e4che unter Ber\u00fccksichtigung\u2006des Denkmalschutzes genutzt werden. Hierbei soll das Nebeneinander von moderner Architektur und Funden f\u00fcr eine Aufwertung des bestehenden Marktplatzes f\u00fchren.<\/li><\/ul>\n\n\n\n<p>Angesichts der jahrhundertelangen Geschichte sollten wir uns im Interesse unserer sch\u00f6nen Stadt die Zeit nehmen, die f\u00fcr all diese Ma\u00dfnahmen notwendig sind.<\/p>\n\n\n\n<p>Schlie\u00dflich\u2006w\u00fcnschen wir uns, dass Ausdr\u00fccke wie \u201eGammelimmobilie\u201c in der Berichterstattung \u00fcber Echternach ein f\u00fcr alle Mal der Vergangenheit angeh\u00f6ren.<\/p>\n\n\n\n<p>Vielleicht bietet der wertvolle Fund nun die M\u00f6glichkeit, den inzwischen sehr negativ behafteten Namen \u201eMarquise\u201c endg\u00fcltig durch einen positiv besetzten Begriff zu ersetzen. Ein offener Ideenwettbewerb k\u00f6nnte hierf\u00fcr interessante Ergebnisse liefern.<\/p>\n\n\n\n<figure class=\"wp-block-image size-large\"><a href=\"http:\/\/grengechternach.lu\/wordpress\/wp-content\/uploads\/2021\/05\/Pressemitteilung.pdf\"><img decoding=\"async\" loading=\"lazy\" width=\"195\" height=\"240\" src=\"http:\/\/grengechternach.lu\/wordpress\/wp-content\/uploads\/2020\/12\/195px-PDF_file_icon.svg_.png\" alt=\"\" class=\"wp-image-1993\"\/><\/a><\/figure>\n\n\n\n<p>Foto: Paul Keiffer<\/p>\n","protected":false},"excerpt":{"rendered":"<p>Nachdem wir, d\u00e9i gr\u00e9ng Eechternoach, uns im Jahr 2017 erfreut gezeigt hatten, dass der Kauf der Immobilie gegl\u00fcckt war, nehmen wir die Entwicklung des Projektes \u201eMarquise\u201c seit einigen Jahren mit Skepsis zur Kenntnis. <\/p>\n","protected":false},"author":5,"featured_media":2074,"comment_status":"closed","ping_status":"open","sticky":false,"template":"","format":"standard","meta":{"_et_pb_use_builder":"off","_et_pb_old_content":"","_et_gb_content_width":""},"categories":[1],"tags":[31],"yoast_head":"<!-- This site is optimized with the Yoast SEO plugin v19.10 - https:\/\/yoast.com\/wordpress\/plugins\/seo\/ -->\n<title>Arch\u00e4ologischen Fund als Schatz und Chance begreifen - d\u00e9i gr\u00e9ng Eechternoach<\/title>\n<meta name=\"robots\" content=\"index, follow, max-snippet:-1, max-image-preview:large, max-video-preview:-1\" \/>\n<link rel=\"canonical\" href=\"http:\/\/grengechternach.lu\/wordpress\/2021\/05\/archaeologischen-fund-als-schatz-und-chance-begreifen\/\" \/>\n<meta property=\"og:locale\" content=\"de_DE\" \/>\n<meta property=\"og:type\" content=\"article\" \/>\n<meta property=\"og:title\" content=\"Arch\u00e4ologischen Fund als Schatz und Chance begreifen - d\u00e9i gr\u00e9ng Eechternoach\" \/>\n<meta property=\"og:description\" content=\"Nachdem wir, d\u00e9i gr\u00e9ng Eechternoach, uns im Jahr 2017 erfreut gezeigt hatten, dass der Kauf der Immobilie gegl\u00fcckt war, nehmen wir die Entwicklung des Projektes \u201eMarquise\u201c seit einigen Jahren mit Skepsis zur Kenntnis.\" \/>\n<meta property=\"og:url\" content=\"http:\/\/grengechternach.lu\/wordpress\/2021\/05\/archaeologischen-fund-als-schatz-und-chance-begreifen\/\" \/>\n<meta property=\"og:site_name\" content=\"d\u00e9i gr\u00e9ng Eechternoach\" \/>\n<meta property=\"article:publisher\" content=\"https:\/\/www.facebook.com\/grengechternach\/\" \/>\n<meta property=\"article:published_time\" content=\"2021-05-07T08:52:22+00:00\" \/>\n<meta property=\"article:modified_time\" content=\"2021-05-07T09:05:35+00:00\" \/>\n<meta property=\"og:image\" content=\"http:\/\/grengechternach.lu\/wordpress\/wp-content\/uploads\/2021\/05\/Marquise.jpeg\" \/>\n\t<meta property=\"og:image:width\" content=\"2524\" \/>\n\t<meta property=\"og:image:height\" content=\"1432\" \/>\n\t<meta property=\"og:image:type\" content=\"image\/jpeg\" \/>\n<meta name=\"author\" content=\"PhotovoltaiK\" \/>\n<meta name=\"twitter:card\" content=\"summary_large_image\" \/>\n<meta name=\"twitter:label1\" content=\"Verfasst von\" \/>\n\t<meta name=\"twitter:data1\" content=\"PhotovoltaiK\" \/>\n\t<meta name=\"twitter:label2\" content=\"Gesch\u00e4tzte Lesezeit\" \/>\n\t<meta name=\"twitter:data2\" content=\"2\u00a0Minuten\" \/>\n<script type=\"application\/ld+json\" class=\"yoast-schema-graph\">{\"@context\":\"https:\/\/schema.org\",\"@graph\":[{\"@type\":\"Article\",\"@id\":\"http:\/\/grengechternach.lu\/wordpress\/2021\/05\/archaeologischen-fund-als-schatz-und-chance-begreifen\/#article\",\"isPartOf\":{\"@id\":\"http:\/\/grengechternach.lu\/wordpress\/2021\/05\/archaeologischen-fund-als-schatz-und-chance-begreifen\/\"},\"author\":{\"name\":\"PhotovoltaiK\",\"@id\":\"http:\/\/grengechternach.lu\/wordpress\/#\/schema\/person\/d85d66f678213cef04674b8062622de8\"},\"headline\":\"Arch\u00e4ologischen Fund als Schatz und Chance begreifen\",\"datePublished\":\"2021-05-07T08:52:22+00:00\",\"dateModified\":\"2021-05-07T09:05:35+00:00\",\"mainEntityOfPage\":{\"@id\":\"http:\/\/grengechternach.lu\/wordpress\/2021\/05\/archaeologischen-fund-als-schatz-und-chance-begreifen\/\"},\"wordCount\":324,\"publisher\":{\"@id\":\"http:\/\/grengechternach.lu\/wordpress\/#organization\"},\"keywords\":[\"marquise\"],\"inLanguage\":\"de\"},{\"@type\":\"WebPage\",\"@id\":\"http:\/\/grengechternach.lu\/wordpress\/2021\/05\/archaeologischen-fund-als-schatz-und-chance-begreifen\/\",\"url\":\"http:\/\/grengechternach.lu\/wordpress\/2021\/05\/archaeologischen-fund-als-schatz-und-chance-begreifen\/\",\"name\":\"Arch\u00e4ologischen Fund als Schatz und Chance begreifen - d\u00e9i gr\u00e9ng Eechternoach\",\"isPartOf\":{\"@id\":\"http:\/\/grengechternach.lu\/wordpress\/#website\"},\"datePublished\":\"2021-05-07T08:52:22+00:00\",\"dateModified\":\"2021-05-07T09:05:35+00:00\",\"breadcrumb\":{\"@id\":\"http:\/\/grengechternach.lu\/wordpress\/2021\/05\/archaeologischen-fund-als-schatz-und-chance-begreifen\/#breadcrumb\"},\"inLanguage\":\"de\",\"potentialAction\":[{\"@type\":\"ReadAction\",\"target\":[\"http:\/\/grengechternach.lu\/wordpress\/2021\/05\/archaeologischen-fund-als-schatz-und-chance-begreifen\/\"]}]},{\"@type\":\"BreadcrumbList\",\"@id\":\"http:\/\/grengechternach.lu\/wordpress\/2021\/05\/archaeologischen-fund-als-schatz-und-chance-begreifen\/#breadcrumb\",\"itemListElement\":[{\"@type\":\"ListItem\",\"position\":1,\"name\":\"Startseite\",\"item\":\"http:\/\/grengechternach.lu\/wordpress\/\"},{\"@type\":\"ListItem\",\"position\":2,\"name\":\"Arch\u00e4ologischen Fund als Schatz und Chance begreifen\"}]},{\"@type\":\"WebSite\",\"@id\":\"http:\/\/grengechternach.lu\/wordpress\/#website\",\"url\":\"http:\/\/grengechternach.lu\/wordpress\/\",\"name\":\"d\u00e9i gr\u00e9ng Eechternoach\",\"description\":\"\",\"publisher\":{\"@id\":\"http:\/\/grengechternach.lu\/wordpress\/#organization\"},\"potentialAction\":[{\"@type\":\"SearchAction\",\"target\":{\"@type\":\"EntryPoint\",\"urlTemplate\":\"http:\/\/grengechternach.lu\/wordpress\/?s={search_term_string}\"},\"query-input\":\"required name=search_term_string\"}],\"inLanguage\":\"de\"},{\"@type\":\"Organization\",\"@id\":\"http:\/\/grengechternach.lu\/wordpress\/#organization\",\"name\":\"d\u00e9i gr\u00e9ng Eechternoach\",\"url\":\"http:\/\/grengechternach.lu\/wordpress\/\",\"logo\":{\"@type\":\"ImageObject\",\"inLanguage\":\"de\",\"@id\":\"http:\/\/grengechternach.lu\/wordpress\/#\/schema\/logo\/image\/\",\"url\":\"http:\/\/grengechternach.lu\/wordpress\/wp-content\/uploads\/2017\/03\/greng-echternach-logo.png\",\"contentUrl\":\"http:\/\/grengechternach.lu\/wordpress\/wp-content\/uploads\/2017\/03\/greng-echternach-logo.png\",\"width\":151,\"height\":125,\"caption\":\"d\u00e9i gr\u00e9ng Eechternoach\"},\"image\":{\"@id\":\"http:\/\/grengechternach.lu\/wordpress\/#\/schema\/logo\/image\/\"},\"sameAs\":[\"https:\/\/www.instagram.com\/deigrengeechternoach\/\",\"https:\/\/www.facebook.com\/grengechternach\/\"]},{\"@type\":\"Person\",\"@id\":\"http:\/\/grengechternach.lu\/wordpress\/#\/schema\/person\/d85d66f678213cef04674b8062622de8\",\"name\":\"PhotovoltaiK\",\"image\":{\"@type\":\"ImageObject\",\"inLanguage\":\"de\",\"@id\":\"http:\/\/grengechternach.lu\/wordpress\/#\/schema\/person\/image\/\",\"url\":\"https:\/\/secure.gravatar.com\/avatar\/cd9185ca89f7aaca9914bd4d4a295d46?s=96&d=mm&r=g\",\"contentUrl\":\"https:\/\/secure.gravatar.com\/avatar\/cd9185ca89f7aaca9914bd4d4a295d46?s=96&d=mm&r=g\",\"caption\":\"PhotovoltaiK\"},\"sameAs\":[\"http:\/\/www.daisymupp.net\"],\"url\":\"https:\/\/grengechternach.lu\/wordpress\/author\/biogas\/\"}]}<\/script>\n<!-- \/ Yoast SEO plugin. -->","yoast_head_json":{"title":"Arch\u00e4ologischen Fund als Schatz und Chance begreifen - d\u00e9i gr\u00e9ng Eechternoach","robots":{"index":"index","follow":"follow","max-snippet":"max-snippet:-1","max-image-preview":"max-image-preview:large","max-video-preview":"max-video-preview:-1"},"canonical":"http:\/\/grengechternach.lu\/wordpress\/2021\/05\/archaeologischen-fund-als-schatz-und-chance-begreifen\/","og_locale":"de_DE","og_type":"article","og_title":"Arch\u00e4ologischen Fund als Schatz und Chance begreifen - d\u00e9i gr\u00e9ng Eechternoach","og_description":"Nachdem wir, d\u00e9i gr\u00e9ng Eechternoach, uns im Jahr 2017 erfreut gezeigt hatten, dass der Kauf der Immobilie gegl\u00fcckt war, nehmen wir die Entwicklung des Projektes \u201eMarquise\u201c seit einigen Jahren mit Skepsis zur Kenntnis.","og_url":"http:\/\/grengechternach.lu\/wordpress\/2021\/05\/archaeologischen-fund-als-schatz-und-chance-begreifen\/","og_site_name":"d\u00e9i gr\u00e9ng Eechternoach","article_publisher":"https:\/\/www.facebook.com\/grengechternach\/","article_published_time":"2021-05-07T08:52:22+00:00","article_modified_time":"2021-05-07T09:05:35+00:00","og_image":[{"width":2524,"height":1432,"url":"http:\/\/grengechternach.lu\/wordpress\/wp-content\/uploads\/2021\/05\/Marquise.jpeg","type":"image\/jpeg"}],"author":"PhotovoltaiK","twitter_card":"summary_large_image","twitter_misc":{"Verfasst von":"PhotovoltaiK","Gesch\u00e4tzte Lesezeit":"2\u00a0Minuten"},"schema":{"@context":"https:\/\/schema.org","@graph":[{"@type":"Article","@id":"http:\/\/grengechternach.lu\/wordpress\/2021\/05\/archaeologischen-fund-als-schatz-und-chance-begreifen\/#article","isPartOf":{"@id":"http:\/\/grengechternach.lu\/wordpress\/2021\/05\/archaeologischen-fund-als-schatz-und-chance-begreifen\/"},"author":{"name":"PhotovoltaiK","@id":"http:\/\/grengechternach.lu\/wordpress\/#\/schema\/person\/d85d66f678213cef04674b8062622de8"},"headline":"Arch\u00e4ologischen Fund als Schatz und Chance begreifen","datePublished":"2021-05-07T08:52:22+00:00","dateModified":"2021-05-07T09:05:35+00:00","mainEntityOfPage":{"@id":"http:\/\/grengechternach.lu\/wordpress\/2021\/05\/archaeologischen-fund-als-schatz-und-chance-begreifen\/"},"wordCount":324,"publisher":{"@id":"http:\/\/grengechternach.lu\/wordpress\/#organization"},"keywords":["marquise"],"inLanguage":"de"},{"@type":"WebPage","@id":"http:\/\/grengechternach.lu\/wordpress\/2021\/05\/archaeologischen-fund-als-schatz-und-chance-begreifen\/","url":"http:\/\/grengechternach.lu\/wordpress\/2021\/05\/archaeologischen-fund-als-schatz-und-chance-begreifen\/","name":"Arch\u00e4ologischen Fund als Schatz und Chance begreifen - d\u00e9i gr\u00e9ng Eechternoach","isPartOf":{"@id":"http:\/\/grengechternach.lu\/wordpress\/#website"},"datePublished":"2021-05-07T08:52:22+00:00","dateModified":"2021-05-07T09:05:35+00:00","breadcrumb":{"@id":"http:\/\/grengechternach.lu\/wordpress\/2021\/05\/archaeologischen-fund-als-schatz-und-chance-begreifen\/#breadcrumb"},"inLanguage":"de","potentialAction":[{"@type":"ReadAction","target":["http:\/\/grengechternach.lu\/wordpress\/2021\/05\/archaeologischen-fund-als-schatz-und-chance-begreifen\/"]}]},{"@type":"BreadcrumbList","@id":"http:\/\/grengechternach.lu\/wordpress\/2021\/05\/archaeologischen-fund-als-schatz-und-chance-begreifen\/#breadcrumb","itemListElement":[{"@type":"ListItem","position":1,"name":"Startseite","item":"http:\/\/grengechternach.lu\/wordpress\/"},{"@type":"ListItem","position":2,"name":"Arch\u00e4ologischen Fund als Schatz und Chance begreifen"}]},{"@type":"WebSite","@id":"http:\/\/grengechternach.lu\/wordpress\/#website","url":"http:\/\/grengechternach.lu\/wordpress\/","name":"d\u00e9i gr\u00e9ng Eechternoach","description":"","publisher":{"@id":"http:\/\/grengechternach.lu\/wordpress\/#organization"},"potentialAction":[{"@type":"SearchAction","target":{"@type":"EntryPoint","urlTemplate":"http:\/\/grengechternach.lu\/wordpress\/?s={search_term_string}"},"query-input":"required name=search_term_string"}],"inLanguage":"de"},{"@type":"Organization","@id":"http:\/\/grengechternach.lu\/wordpress\/#organization","name":"d\u00e9i gr\u00e9ng Eechternoach","url":"http:\/\/grengechternach.lu\/wordpress\/","logo":{"@type":"ImageObject","inLanguage":"de","@id":"http:\/\/grengechternach.lu\/wordpress\/#\/schema\/logo\/image\/","url":"http:\/\/grengechternach.lu\/wordpress\/wp-content\/uploads\/2017\/03\/greng-echternach-logo.png","contentUrl":"http:\/\/grengechternach.lu\/wordpress\/wp-content\/uploads\/2017\/03\/greng-echternach-logo.png","width":151,"height":125,"caption":"d\u00e9i gr\u00e9ng Eechternoach"},"image":{"@id":"http:\/\/grengechternach.lu\/wordpress\/#\/schema\/logo\/image\/"},"sameAs":["https:\/\/www.instagram.com\/deigrengeechternoach\/","https:\/\/www.facebook.com\/grengechternach\/"]},{"@type":"Person","@id":"http:\/\/grengechternach.lu\/wordpress\/#\/schema\/person\/d85d66f678213cef04674b8062622de8","name":"PhotovoltaiK","image":{"@type":"ImageObject","inLanguage":"de","@id":"http:\/\/grengechternach.lu\/wordpress\/#\/schema\/person\/image\/","url":"https:\/\/secure.gravatar.com\/avatar\/cd9185ca89f7aaca9914bd4d4a295d46?s=96&d=mm&r=g","contentUrl":"https:\/\/secure.gravatar.com\/avatar\/cd9185ca89f7aaca9914bd4d4a295d46?s=96&d=mm&r=g","caption":"PhotovoltaiK"},"sameAs":["http:\/\/www.daisymupp.net"],"url":"https:\/\/grengechternach.lu\/wordpress\/author\/biogas\/"}]}},"_links":{"self":[{"href":"https:\/\/grengechternach.lu\/wordpress\/wp-json\/wp\/v2\/posts\/2070"}],"collection":[{"href":"https:\/\/grengechternach.lu\/wordpress\/wp-json\/wp\/v2\/posts"}],"about":[{"href":"https:\/\/grengechternach.lu\/wordpress\/wp-json\/wp\/v2\/types\/post"}],"author":[{"embeddable":true,"href":"https:\/\/grengechternach.lu\/wordpress\/wp-json\/wp\/v2\/users\/5"}],"replies":[{"embeddable":true,"href":"https:\/\/grengechternach.lu\/wordpress\/wp-json\/wp\/v2\/comments?post=2070"}],"version-history":[{"count":3,"href":"https:\/\/grengechternach.lu\/wordpress\/wp-json\/wp\/v2\/posts\/2070\/revisions"}],"predecessor-version":[{"id":2085,"href":"https:\/\/grengechternach.lu\/wordpress\/wp-json\/wp\/v2\/posts\/2070\/revisions\/2085"}],"wp:featuredmedia":[{"embeddable":true,"href":"https:\/\/grengechternach.lu\/wordpress\/wp-json\/wp\/v2\/media\/2074"}],"wp:attachment":[{"href":"https:\/\/grengechternach.lu\/wordpress\/wp-json\/wp\/v2\/media?parent=2070"}],"wp:term":[{"taxonomy":"category","embeddable":true,"href":"https:\/\/grengechternach.lu\/wordpress\/wp-json\/wp\/v2\/categories?post=2070"},{"taxonomy":"post_tag","embeddable":true,"href":"https:\/\/grengechternach.lu\/wordpress\/wp-json\/wp\/v2\/tags?post=2070"}],"curies":[{"name":"wp","href":"https:\/\/api.w.org\/{rel}","templated":true}]}}